{"id":5398,"date":"2022-09-30T10:52:00","date_gmt":"2022-09-30T10:52:00","guid":{"rendered":"https:\/\/www.barcelonaobertura.com\/2022\/10\/the-night-of-the-museums\/"},"modified":"2022-10-17T06:54:04","modified_gmt":"2022-10-17T06:54:04","slug":"la-nit-del-museus","status":"publish","type":"post","link":"https:\/\/www.barcelonaobertura.com\/ca\/2022\/09\/la-nit-del-museus\/","title":{"rendered":"La nit del museus"},"content":{"rendered":"\n<p>Al llarg del mes de maig, a Barcelona tenen lloc dos grans esdeveniments per als amants dels museus. El dia 18 \u00e9s el Dia Internacional dels Museus, una iniciativa europea on nombroses institucions obren les seves portes de forma gratu\u00efta. Paral\u00b7lelament, Barcelona celebra la Nit dels Museus, nit durant la qual tots els museus de la ciutat i de Catalunya obren gratu\u00eftament les seves portes al p\u00fablic.&nbsp;<\/p>\n\n\n\n<p>Per a qu\u00e8 l\u2019experi\u00e8ncia cultural sigui completa, pots assaborir un vermut casol\u00e0 a la bonica terrassa de l\u2019Hotel Pulitzer.&nbsp;&nbsp;<\/p>\n\n\n\n<p><a href=\"https:\/\/www.barcelona.cat\/lanitdelsmuseus\/ca\" target=\"_blank\" rel=\"noreferrer noopener\">La nit del museus<\/a><\/p>\n\n\n\n<p><a href=\"https:\/\/www.hotelpulitzer.es\/es\/\" target=\"_blank\" rel=\"noreferrer noopener\">Hotel Pulitzer<\/a><\/p>\n","protected":false},"excerpt":{"rendered":"<p>Al llarg del mes de maig, a Barcelona tenen lloc dos grans esdeveniments per als amants dels museus. El dia 18 \u00e9s el Dia Internacional dels Museus, una iniciativa europea on nombroses institucions obren les seves portes de forma gratu\u00efta. Paral\u00b7lelament, Barcelona celebra la Nit dels Museus, nit durant la qual tots els museus de la ciutat i de Catalunya obren gratu\u00eftament les seves portes al p\u00fablic.&nbsp; Per a qu\u00e8 l\u2019experi\u00e8ncia cultural sigui completa, pots assaborir un vermut casol\u00e0 a la bonica terrassa de l\u2019Hotel Pulitzer.&nbsp;&nbsp; La nit del museus Hotel Pulitzer<\/p>\n","protected":false},"author":1,"featured_media":5386,"comment_status":"open","ping_status":"open","sticky":false,"template":"","format":"standard","meta":{"_acf_changed":false,"footnotes":""},"categories":[227],"tags":[268],"class_list":["post-5398","post","type-post","status-publish","format-standard","has-post-thumbnail","hentry","category-uncategorized-ca","tag-bo-recomana"],"acf":[],"yoast_head":"<!-- This site is optimized with the Yoast SEO plugin v27.4 - https:\/\/yoast.com\/product\/yoast-seo-wordpress\/ -->\n<title>La nit del museus - Barcelona Obertura<\/title>\n<meta name=\"description\" content=\"BO Recomana, Hotspots, Stay for the rest... Entra per descobir La nit del museus i molt m\u00e9s.\" \/>\n<meta name=\"robots\" content=\"index, follow, max-snippet:-1, max-image-preview:large, max-video-preview:-1\" \/>\n<link rel=\"canonical\" href=\"https:\/\/www.barcelonaobertura.com\/ca\/2022\/09\/la-nit-del-museus\/\" \/>\n<meta property=\"og:locale\" content=\"ca_ES\" \/>\n<meta property=\"og:type\" content=\"article\" \/>\n<meta property=\"og:title\" content=\"La nit del museus - Barcelona Obertura\" \/>\n<meta property=\"og:description\" content=\"BO Recomana, Hotspots, Stay for the rest... Entra per descobir La nit del museus i molt m\u00e9s.\" \/>\n<meta property=\"og:url\" content=\"https:\/\/www.barcelonaobertura.com\/ca\/2022\/09\/la-nit-del-museus\/\" \/>\n<meta property=\"og:site_name\" content=\"Barcelona Obertura\" \/>\n<meta property=\"article:published_time\" content=\"2022-09-30T10:52:00+00:00\" \/>\n<meta property=\"article:modified_time\" content=\"2022-10-17T06:54:04+00:00\" \/>\n<meta property=\"og:image\" content=\"https:\/\/www.barcelonaobertura.com\/wp-content\/uploads\/2022\/10\/4-La-noche-de-los-museos-Barcelona-Obertura-1-1024x683.jpg\" \/>\n\t<meta property=\"og:image:width\" content=\"1024\" \/>\n\t<meta property=\"og:image:height\" content=\"683\" \/>\n\t<meta property=\"og:image:type\" content=\"image\/jpeg\" \/>\n<meta name=\"author\" content=\"obertura\" \/>\n<meta name=\"twitter:card\" content=\"summary_large_image\" \/>\n<meta name=\"twitter:label1\" content=\"Escrit per\" \/>\n\t<meta name=\"twitter:data1\" content=\"obertura\" \/>\n\t<meta name=\"twitter:label2\" content=\"Temps estimat de lectura\" \/>\n\t<meta name=\"twitter:data2\" content=\"1 minut\" \/>\n<script type=\"application\/ld+json\" class=\"yoast-schema-graph\">{\"@context\":\"https:\\\/\\\/schema.org\",\"@graph\":[{\"@type\":\"Article\",\"@id\":\"https:\\\/\\\/www.barcelonaobertura.com\\\/ca\\\/2022\\\/09\\\/la-nit-del-museus\\\/#article\",\"isPartOf\":{\"@id\":\"https:\\\/\\\/www.barcelonaobertura.com\\\/ca\\\/2022\\\/09\\\/la-nit-del-museus\\\/\"},\"author\":{\"name\":\"obertura\",\"@id\":\"https:\\\/\\\/www.barcelonaobertura.com\\\/ca\\\/#\\\/schema\\\/person\\\/6b92b716fe89e38a3312a330fe5abcd7\"},\"headline\":\"La nit del museus\",\"datePublished\":\"2022-09-30T10:52:00+00:00\",\"dateModified\":\"2022-10-17T06:54:04+00:00\",\"mainEntityOfPage\":{\"@id\":\"https:\\\/\\\/www.barcelonaobertura.com\\\/ca\\\/2022\\\/09\\\/la-nit-del-museus\\\/\"},\"wordCount\":105,\"commentCount\":0,\"image\":{\"@id\":\"https:\\\/\\\/www.barcelonaobertura.com\\\/ca\\\/2022\\\/09\\\/la-nit-del-museus\\\/#primaryimage\"},\"thumbnailUrl\":\"https:\\\/\\\/www.barcelonaobertura.com\\\/wp-content\\\/uploads\\\/2022\\\/10\\\/the-night-of-the-museums.jpg\",\"keywords\":[\"BO Recomana\"],\"articleSection\":[\"Uncategorized @ca\"],\"inLanguage\":\"ca\",\"potentialAction\":[{\"@type\":\"CommentAction\",\"name\":\"Comment\",\"target\":[\"https:\\\/\\\/www.barcelonaobertura.com\\\/ca\\\/2022\\\/09\\\/la-nit-del-museus\\\/#respond\"]}]},{\"@type\":\"WebPage\",\"@id\":\"https:\\\/\\\/www.barcelonaobertura.com\\\/ca\\\/2022\\\/09\\\/la-nit-del-museus\\\/\",\"url\":\"https:\\\/\\\/www.barcelonaobertura.com\\\/ca\\\/2022\\\/09\\\/la-nit-del-museus\\\/\",\"name\":\"La nit del museus - Barcelona Obertura\",\"isPartOf\":{\"@id\":\"https:\\\/\\\/www.barcelonaobertura.com\\\/ca\\\/#website\"},\"primaryImageOfPage\":{\"@id\":\"https:\\\/\\\/www.barcelonaobertura.com\\\/ca\\\/2022\\\/09\\\/la-nit-del-museus\\\/#primaryimage\"},\"image\":{\"@id\":\"https:\\\/\\\/www.barcelonaobertura.com\\\/ca\\\/2022\\\/09\\\/la-nit-del-museus\\\/#primaryimage\"},\"thumbnailUrl\":\"https:\\\/\\\/www.barcelonaobertura.com\\\/wp-content\\\/uploads\\\/2022\\\/10\\\/the-night-of-the-museums.jpg\",\"datePublished\":\"2022-09-30T10:52:00+00:00\",\"dateModified\":\"2022-10-17T06:54:04+00:00\",\"author\":{\"@id\":\"https:\\\/\\\/www.barcelonaobertura.com\\\/ca\\\/#\\\/schema\\\/person\\\/6b92b716fe89e38a3312a330fe5abcd7\"},\"description\":\"BO Recomana, Hotspots, Stay for the rest... Entra per descobir La nit del museus i molt m\u00e9s.\",\"breadcrumb\":{\"@id\":\"https:\\\/\\\/www.barcelonaobertura.com\\\/ca\\\/2022\\\/09\\\/la-nit-del-museus\\\/#breadcrumb\"},\"inLanguage\":\"ca\",\"potentialAction\":[{\"@type\":\"ReadAction\",\"target\":[\"https:\\\/\\\/www.barcelonaobertura.com\\\/ca\\\/2022\\\/09\\\/la-nit-del-museus\\\/\"]}]},{\"@type\":\"ImageObject\",\"inLanguage\":\"ca\",\"@id\":\"https:\\\/\\\/www.barcelonaobertura.com\\\/ca\\\/2022\\\/09\\\/la-nit-del-museus\\\/#primaryimage\",\"url\":\"https:\\\/\\\/www.barcelonaobertura.com\\\/wp-content\\\/uploads\\\/2022\\\/10\\\/the-night-of-the-museums.jpg\",\"contentUrl\":\"https:\\\/\\\/www.barcelonaobertura.com\\\/wp-content\\\/uploads\\\/2022\\\/10\\\/the-night-of-the-museums.jpg\",\"width\":2048,\"height\":1365,\"caption\":\"noche de museos Barcelona obertura\"},{\"@type\":\"BreadcrumbList\",\"@id\":\"https:\\\/\\\/www.barcelonaobertura.com\\\/ca\\\/2022\\\/09\\\/la-nit-del-museus\\\/#breadcrumb\",\"itemListElement\":[{\"@type\":\"ListItem\",\"position\":1,\"name\":\"Home\",\"item\":\"https:\\\/\\\/www.barcelonaobertura.com\\\/ca\\\/\"},{\"@type\":\"ListItem\",\"position\":2,\"name\":\"La nit del museus\"}]},{\"@type\":\"WebSite\",\"@id\":\"https:\\\/\\\/www.barcelonaobertura.com\\\/ca\\\/#website\",\"url\":\"https:\\\/\\\/www.barcelonaobertura.com\\\/ca\\\/\",\"name\":\"Barcelona Obertura\",\"description\":\"Come for the music, Stay for the rest\",\"potentialAction\":[{\"@type\":\"SearchAction\",\"target\":{\"@type\":\"EntryPoint\",\"urlTemplate\":\"https:\\\/\\\/www.barcelonaobertura.com\\\/ca\\\/?s={search_term_string}\"},\"query-input\":{\"@type\":\"PropertyValueSpecification\",\"valueRequired\":true,\"valueName\":\"search_term_string\"}}],\"inLanguage\":\"ca\"},{\"@type\":\"Person\",\"@id\":\"https:\\\/\\\/www.barcelonaobertura.com\\\/ca\\\/#\\\/schema\\\/person\\\/6b92b716fe89e38a3312a330fe5abcd7\",\"name\":\"obertura\",\"image\":{\"@type\":\"ImageObject\",\"inLanguage\":\"ca\",\"@id\":\"https:\\\/\\\/secure.gravatar.com\\\/avatar\\\/cdb98f8ee6dd3af94e558c4f3dc8624465efd9e7d9ab68698f339da9b6a62176?s=96&d=mm&r=g\",\"url\":\"https:\\\/\\\/secure.gravatar.com\\\/avatar\\\/cdb98f8ee6dd3af94e558c4f3dc8624465efd9e7d9ab68698f339da9b6a62176?s=96&d=mm&r=g\",\"contentUrl\":\"https:\\\/\\\/secure.gravatar.com\\\/avatar\\\/cdb98f8ee6dd3af94e558c4f3dc8624465efd9e7d9ab68698f339da9b6a62176?s=96&d=mm&r=g\",\"caption\":\"obertura\"},\"sameAs\":[\"http:\\\/\\\/barcelonaobertura.lamagnetica.net\"],\"url\":\"https:\\\/\\\/www.barcelonaobertura.com\\\/ca\\\/author\\\/obertura\\\/\"}]}<\/script>\n<!-- \/ Yoast SEO plugin. -->","yoast_head_json":{"title":"La nit del museus - Barcelona Obertura","description":"BO Recomana, Hotspots, Stay for the rest... Entra per descobir La nit del museus i molt m\u00e9s.","robots":{"index":"index","follow":"follow","max-snippet":"max-snippet:-1","max-image-preview":"max-image-preview:large","max-video-preview":"max-video-preview:-1"},"canonical":"https:\/\/www.barcelonaobertura.com\/ca\/2022\/09\/la-nit-del-museus\/","og_locale":"ca_ES","og_type":"article","og_title":"La nit del museus - Barcelona Obertura","og_description":"BO Recomana, Hotspots, Stay for the rest... Entra per descobir La nit del museus i molt m\u00e9s.","og_url":"https:\/\/www.barcelonaobertura.com\/ca\/2022\/09\/la-nit-del-museus\/","og_site_name":"Barcelona Obertura","article_published_time":"2022-09-30T10:52:00+00:00","article_modified_time":"2022-10-17T06:54:04+00:00","og_image":[{"width":1024,"height":683,"url":"https:\/\/www.barcelonaobertura.com\/wp-content\/uploads\/2022\/10\/4-La-noche-de-los-museos-Barcelona-Obertura-1-1024x683.jpg","type":"image\/jpeg"}],"author":"obertura","twitter_card":"summary_large_image","twitter_misc":{"Escrit per":"obertura","Temps estimat de lectura":"1 minut"},"schema":{"@context":"https:\/\/schema.org","@graph":[{"@type":"Article","@id":"https:\/\/www.barcelonaobertura.com\/ca\/2022\/09\/la-nit-del-museus\/#article","isPartOf":{"@id":"https:\/\/www.barcelonaobertura.com\/ca\/2022\/09\/la-nit-del-museus\/"},"author":{"name":"obertura","@id":"https:\/\/www.barcelonaobertura.com\/ca\/#\/schema\/person\/6b92b716fe89e38a3312a330fe5abcd7"},"headline":"La nit del museus","datePublished":"2022-09-30T10:52:00+00:00","dateModified":"2022-10-17T06:54:04+00:00","mainEntityOfPage":{"@id":"https:\/\/www.barcelonaobertura.com\/ca\/2022\/09\/la-nit-del-museus\/"},"wordCount":105,"commentCount":0,"image":{"@id":"https:\/\/www.barcelonaobertura.com\/ca\/2022\/09\/la-nit-del-museus\/#primaryimage"},"thumbnailUrl":"https:\/\/www.barcelonaobertura.com\/wp-content\/uploads\/2022\/10\/the-night-of-the-museums.jpg","keywords":["BO Recomana"],"articleSection":["Uncategorized @ca"],"inLanguage":"ca","potentialAction":[{"@type":"CommentAction","name":"Comment","target":["https:\/\/www.barcelonaobertura.com\/ca\/2022\/09\/la-nit-del-museus\/#respond"]}]},{"@type":"WebPage","@id":"https:\/\/www.barcelonaobertura.com\/ca\/2022\/09\/la-nit-del-museus\/","url":"https:\/\/www.barcelonaobertura.com\/ca\/2022\/09\/la-nit-del-museus\/","name":"La nit del museus - Barcelona Obertura","isPartOf":{"@id":"https:\/\/www.barcelonaobertura.com\/ca\/#website"},"primaryImageOfPage":{"@id":"https:\/\/www.barcelonaobertura.com\/ca\/2022\/09\/la-nit-del-museus\/#primaryimage"},"image":{"@id":"https:\/\/www.barcelonaobertura.com\/ca\/2022\/09\/la-nit-del-museus\/#primaryimage"},"thumbnailUrl":"https:\/\/www.barcelonaobertura.com\/wp-content\/uploads\/2022\/10\/the-night-of-the-museums.jpg","datePublished":"2022-09-30T10:52:00+00:00","dateModified":"2022-10-17T06:54:04+00:00","author":{"@id":"https:\/\/www.barcelonaobertura.com\/ca\/#\/schema\/person\/6b92b716fe89e38a3312a330fe5abcd7"},"description":"BO Recomana, Hotspots, Stay for the rest... Entra per descobir La nit del museus i molt m\u00e9s.","breadcrumb":{"@id":"https:\/\/www.barcelonaobertura.com\/ca\/2022\/09\/la-nit-del-museus\/#breadcrumb"},"inLanguage":"ca","potentialAction":[{"@type":"ReadAction","target":["https:\/\/www.barcelonaobertura.com\/ca\/2022\/09\/la-nit-del-museus\/"]}]},{"@type":"ImageObject","inLanguage":"ca","@id":"https:\/\/www.barcelonaobertura.com\/ca\/2022\/09\/la-nit-del-museus\/#primaryimage","url":"https:\/\/www.barcelonaobertura.com\/wp-content\/uploads\/2022\/10\/the-night-of-the-museums.jpg","contentUrl":"https:\/\/www.barcelonaobertura.com\/wp-content\/uploads\/2022\/10\/the-night-of-the-museums.jpg","width":2048,"height":1365,"caption":"noche de museos Barcelona obertura"},{"@type":"BreadcrumbList","@id":"https:\/\/www.barcelonaobertura.com\/ca\/2022\/09\/la-nit-del-museus\/#breadcrumb","itemListElement":[{"@type":"ListItem","position":1,"name":"Home","item":"https:\/\/www.barcelonaobertura.com\/ca\/"},{"@type":"ListItem","position":2,"name":"La nit del museus"}]},{"@type":"WebSite","@id":"https:\/\/www.barcelonaobertura.com\/ca\/#website","url":"https:\/\/www.barcelonaobertura.com\/ca\/","name":"Barcelona Obertura","description":"Come for the music, Stay for the rest","potentialAction":[{"@type":"SearchAction","target":{"@type":"EntryPoint","urlTemplate":"https:\/\/www.barcelonaobertura.com\/ca\/?s={search_term_string}"},"query-input":{"@type":"PropertyValueSpecification","valueRequired":true,"valueName":"search_term_string"}}],"inLanguage":"ca"},{"@type":"Person","@id":"https:\/\/www.barcelonaobertura.com\/ca\/#\/schema\/person\/6b92b716fe89e38a3312a330fe5abcd7","name":"obertura","image":{"@type":"ImageObject","inLanguage":"ca","@id":"https:\/\/secure.gravatar.com\/avatar\/cdb98f8ee6dd3af94e558c4f3dc8624465efd9e7d9ab68698f339da9b6a62176?s=96&d=mm&r=g","url":"https:\/\/secure.gravatar.com\/avatar\/cdb98f8ee6dd3af94e558c4f3dc8624465efd9e7d9ab68698f339da9b6a62176?s=96&d=mm&r=g","contentUrl":"https:\/\/secure.gravatar.com\/avatar\/cdb98f8ee6dd3af94e558c4f3dc8624465efd9e7d9ab68698f339da9b6a62176?s=96&d=mm&r=g","caption":"obertura"},"sameAs":["http:\/\/barcelonaobertura.lamagnetica.net"],"url":"https:\/\/www.barcelonaobertura.com\/ca\/author\/obertura\/"}]}},"_links":{"self":[{"href":"https:\/\/www.barcelonaobertura.com\/ca\/wp-json\/wp\/v2\/posts\/5398","targetHints":{"allow":["GET"]}}],"collection":[{"href":"https:\/\/www.barcelonaobertura.com\/ca\/wp-json\/wp\/v2\/posts"}],"about":[{"href":"https:\/\/www.barcelonaobertura.com\/ca\/wp-json\/wp\/v2\/types\/post"}],"author":[{"embeddable":true,"href":"https:\/\/www.barcelonaobertura.com\/ca\/wp-json\/wp\/v2\/users\/1"}],"replies":[{"embeddable":true,"href":"https:\/\/www.barcelonaobertura.com\/ca\/wp-json\/wp\/v2\/comments?post=5398"}],"version-history":[{"count":0,"href":"https:\/\/www.barcelonaobertura.com\/ca\/wp-json\/wp\/v2\/posts\/5398\/revisions"}],"wp:featuredmedia":[{"embeddable":true,"href":"https:\/\/www.barcelonaobertura.com\/ca\/wp-json\/wp\/v2\/media\/5386"}],"wp:attachment":[{"href":"https:\/\/www.barcelonaobertura.com\/ca\/wp-json\/wp\/v2\/media?parent=5398"}],"wp:term":[{"taxonomy":"category","embeddable":true,"href":"https:\/\/www.barcelonaobertura.com\/ca\/wp-json\/wp\/v2\/categories?post=5398"},{"taxonomy":"post_tag","embeddable":true,"href":"https:\/\/www.barcelonaobertura.com\/ca\/wp-json\/wp\/v2\/tags?post=5398"}],"curies":[{"name":"wp","href":"https:\/\/api.w.org\/{rel}","templated":true}]}}