{"id":131033,"date":"2025-03-18T11:58:12","date_gmt":"2025-03-18T11:58:12","guid":{"rendered":"https:\/\/www.barcelonaobertura.com\/?p=131033"},"modified":"2025-09-12T08:20:08","modified_gmt":"2025-09-12T08:20:08","slug":"un-paseo-por-la-barcelona-musical-de-ciutat-de-classica","status":"publish","type":"post","link":"https:\/\/www.barcelonaobertura.com\/es\/2025\/03\/un-paseo-por-la-barcelona-musical-de-ciutat-de-classica\/","title":{"rendered":"Un paseo por la Barcelona musical de Ciutat de Cl\u00e0ssica"},"content":{"rendered":"\n<p>El Ciutat de Cl\u00e0ssica no solo celebra la m\u00fasica, sino tambi\u00e9n la identidad cultural de Barcelona. Es una invitaci\u00f3n a redescubrir Barcelona a trav\u00e9s de la m\u00fasica cl\u00e1sica, en escenarios tan diversos como inspiradores.<\/p>\n\n\n\n<p>Con cada nota interpretada, el festival reafirma su lugar como un hito cultural y una cita ineludible para quienes desean vivir la m\u00fasica cl\u00e1sica en su m\u00e1xima expresi\u00f3n en el coraz\u00f3n de Barcelona.<\/p>\n\n\n\n<p>El circuito de conciertos gratuitos se desarrolla en diferentes espacios de los 10 distritos de la ciudad, desde centros c\u00edvicos y bibliotecas hasta museos y edificios emblem\u00e1ticos, creando un marco incomparable para los conciertos. En este art\u00edculo hacemos un paseo por toda la ciudad para descubrir algunos de los escenarios de esta edici\u00f3n 2025:&nbsp;<\/p>\n\n\n\n<ol class=\"wp-block-list\">\n<li><strong>Mirador torre Gl\u00f2ries<\/strong><\/li>\n<\/ol>\n\n\n\n<p>Empezamos nuestro paseo en la ic\u00f3nica Torre Gl\u00f2ries, situada en el distrito de Sant Mart\u00ed, un moderno rascacielos que ofrece un mirador con vistas panor\u00e1micas de 360 grados de Barcelona.&nbsp;<\/p>\n\n\n\n<p>Desde su cima, podemos contemplar la estructura urbana de la ciudad y su skyliner en conversaci\u00f3n con la espectacular escultura de Tom\u00e1s Saraceno, <em>Cloud Cities Barcelona<\/em>.&nbsp;<\/p>\n\n\n\n<p>En el mismo edificio, podemos realizar un recorrido por el hipermirador ubicado en la planta -1, donde encontramos un mirador diferente, una plataforma de visi\u00f3n que lee y amplifica el pulso urbano, para observar la ciudad m\u00e1s all\u00e1 de eso que vemos a simple vista.&nbsp;<\/p>\n\n\n\n<ol start=\"2\" class=\"wp-block-list\">\n<li><strong>Biblioteca Garc\u00eda-M\u00e1rquez<\/strong><\/li>\n<\/ol>\n\n\n\n<p>En el mismo distrito, encontramos la innovadora biblioteca inspirada en el realismo m\u00e1gico del escritor de <em>Cien A\u00f1os de Soledad<\/em>. Su dise\u00f1o contempor\u00e1neo y su compromiso con la sostenibilidad la han convertido en un espacio cultural \u00fanico, ganador del premio internacional a la Mejor Biblioteca P\u00fablica nueva 2023 (galard\u00f3n otorgado por la Federaci\u00f3n Internacional de Asociaciones de Bibliotecarios y Bibliotecas)<\/p>\n\n\n\n<ol start=\"3\" class=\"wp-block-list\">\n<li><strong>Fabra i Coats: F\u00e0brica de creaci\u00f3&nbsp;<\/strong><\/li>\n<\/ol>\n\n\n\n<p>Situada en el emblem\u00e1tico Recinto de Fabra i Coats, la F\u00e0brica de Creaci\u00f3 se alza como un faro de innovaci\u00f3n art\u00edstica en el distrito de Sant Andreu. Antiguamente el coraz\u00f3n de una gran f\u00e1brica textil, este edificio ic\u00f3nico se distingue por una enorme chimenea junto a la entrada principal. Hoy, transformado en un vibrante centro cultural, acoge exposiciones, talleres y eventos dedicados a la creatividad contempor\u00e1nea, haciendo honor a su legado industrial y art\u00edstico.<\/p>\n\n\n\n<ol start=\"4\" class=\"wp-block-list\">\n<li><strong>Casa de l\u2019Aigua de Trinitat Nova<\/strong><\/li>\n<\/ol>\n\n\n\n<p>En el distrito de Nou Barris, la Casa de l\u2019Aigua nos transporta a la Barcelona del pasado. Este antiguo dep\u00f3sito de agua, que en su momento fue esencial para el sistema hidr\u00e1ulico de la ciudad, es hoy un espacio cultural \u00fanico.<\/p>\n\n\n\n<p>Rodeado por un entorno tranquilo y lleno de historia, este lugar se convierte en un escenario especial donde la m\u00fasica cl\u00e1sica dialoga con la memoria industrial de la ciudad.<\/p>\n\n\n\n<ol start=\"5\" class=\"wp-block-list\">\n<li><strong>Antiga F\u00e0brica Estrella Damm<\/strong><\/li>\n<\/ol>\n\n\n\n<p>A pocos pasos del Eixample, la antigua f\u00e1brica de Estrella Damm se presenta como un espacio cultural vers\u00e1til que conserva su esencia industrial. Aqu\u00ed, los muros de ladrillo y las enormes ventanas ofrecen un ambiente c\u00e1lido y singular para disfrutar de conciertos y eventos del festival.<\/p>\n\n\n\n<p>Un lugar donde el pasado cervecero de Barcelona se combina con la modernidad de sus expresiones art\u00edsticas actuales.<\/p>\n\n\n\n<ol start=\"6\" class=\"wp-block-list\">\n<li><strong>Museu Picasso<\/strong><\/li>\n<\/ol>\n\n\n\n<p>En pleno Barrio G\u00f3tico encontramos este museo dedicado a las primeras etapas del genio malague\u00f1o <strong>Pablo Picasso<\/strong>, con una colecci\u00f3n que destaca su conexi\u00f3n con la ciudad de Barcelona y su evoluci\u00f3n art\u00edstica. Adem\u00e1s, el edificio en s\u00ed ya merece una visita.<\/p>\n\n\n\n<ol start=\"7\" class=\"wp-block-list\">\n<li><strong>Museu Nacional d\u2019Art de Catalunya<\/strong><\/li>\n<\/ol>\n\n\n\n<p>Ubicado en la monta\u00f1a de Montju\u00efc, el Museu Nacional tiene de todo: arte rom\u00e1nico, g\u00f3tico, moderno y unas vistas espectaculares. Desde su escalinata puedes ver toda la ciudad. Es un planazo tanto para los apasionados del arte como para los que solo quieren disfrutar de un lugar bonito y diferente.<\/p>\n\n\n\n<ol start=\"8\" class=\"wp-block-list\">\n<li><strong>Reial Monestir de Santa Maria de Pedralbes<\/strong><\/li>\n<\/ol>\n\n\n\n<p>Este monasterio g\u00f3tico del siglo XIV est\u00e1 lleno de historia y tranquilidad. Su precioso claustro es ideal para desconectar y tomarte un respiro en un ambiente \u00fanico. Si lo que necesitas es un poco de calma, el Monestir de Pedralbes es perfecto.<\/p>\n\n\n\n<ol start=\"9\" class=\"wp-block-list\">\n<li><strong>Facultat de Dret de la Universitat de Barcelona<\/strong><\/li>\n<\/ol>\n\n\n\n<p>Situada en el coraz\u00f3n de la Avenida Diagonal, la Facultad de Derecho de la Universidad de Barcelona es mucho m\u00e1s que un lugar para estudiar. Este edificio combina a la perfecci\u00f3n el estilo cl\u00e1sico y el moderno, creando un espacio \u00fanico que refleja la rica historia y evoluci\u00f3n de la instituci\u00f3n.<\/p>\n\n\n\n<p>Adem\u00e1s, el campus es un punto de encuentro vibrante donde conviven estudiantes, profesores y eventos acad\u00e9micos. Las zonas ajardinadas alrededor invitan a relajarse o a disfrutar de un momento tranquilo en medio del bullicio de la ciudad. Para los apasionados de la arquitectura, este lugar es un ejemplo perfecto de c\u00f3mo se pueden fusionar el pasado y el presente en un espacio educativo lleno de significado.<\/p>\n\n\n\n<ol start=\"10\" class=\"wp-block-list\">\n<li><strong>Torre de Collserola<\/strong><\/li>\n<\/ol>\n\n\n\n<p>En lo alto de la sierra de Collserola, esta torre de telecomunicaciones dise\u00f1ada por el prestigioso arquitecto Norman Foster es un icono de la Barcelona moderna. Con sus 288 metros de altura, no solo es una obra maestra de la ingenier\u00eda, sino tambi\u00e9n el mirador m\u00e1s alto de la ciudad, ofreciendo vistas espectaculares que te dejar\u00e1n sin aliento.<\/p>\n\n\n\n<p>Lo mejor de la Torre de Collserola es su plataforma de observaci\u00f3n, situada a 560 metros sobre el nivel del mar. Desde all\u00ed, puedes disfrutar de una panor\u00e1mica de 360 grados que abarca el Mediterr\u00e1neo, las monta\u00f1as y toda la ciudad extendi\u00e9ndose a tus pies. Es un lugar m\u00e1gico, especialmente al atardecer o por la noche, con las vistas de la ciudad iluminada.&nbsp;<\/p>\n","protected":false},"excerpt":{"rendered":"<p>El Ciutat de Cl\u00e0ssica no solo celebra la m\u00fasica, sino tambi\u00e9n la identidad cultural de Barcelona. Es una invitaci\u00f3n a redescubrir Barcelona a trav\u00e9s de la m\u00fasica cl\u00e1sica, en escenarios tan diversos como inspiradores.<\/p>\n","protected":false},"author":1,"featured_media":131029,"comment_status":"open","ping_status":"open","sticky":false,"template":"","format":"standard","meta":{"_acf_changed":false,"footnotes":""},"categories":[228],"tags":[265],"class_list":["post-131033","post","type-post","status-publish","format-standard","has-post-thumbnail","hentry","category-sin-categorizar","tag-hotspots-es"],"acf":[],"yoast_head":"<!-- This site is optimized with the Yoast SEO plugin v27.5 - https:\/\/yoast.com\/product\/yoast-seo-wordpress\/ -->\n<title>Un paseo por la Barcelona musical de Ciutat de Cl\u00e0ssica - Barcelona Obertura<\/title>\n<meta name=\"description\" content=\"El circuito de conciertos gratuitos se desarrolla en diferentes espacios de los 10 distritos de la ciudad, desde centros c\u00edvicos y bibliotecas\" \/>\n<meta name=\"robots\" content=\"index, follow, max-snippet:-1, max-image-preview:large, max-video-preview:-1\" \/>\n<link rel=\"canonical\" href=\"https:\/\/www.barcelonaobertura.com\/es\/2025\/03\/un-paseo-por-la-barcelona-musical-de-ciutat-de-classica\/\" \/>\n<meta property=\"og:locale\" content=\"es_ES\" \/>\n<meta property=\"og:type\" content=\"article\" \/>\n<meta property=\"og:title\" content=\"Un paseo por la Barcelona musical de Ciutat de Cl\u00e0ssica - Barcelona Obertura\" \/>\n<meta property=\"og:description\" content=\"El circuito de conciertos gratuitos se desarrolla en diferentes espacios de los 10 distritos de la ciudad, desde centros c\u00edvicos y bibliotecas\" \/>\n<meta property=\"og:url\" content=\"https:\/\/www.barcelonaobertura.com\/es\/2025\/03\/un-paseo-por-la-barcelona-musical-de-ciutat-de-classica\/\" \/>\n<meta property=\"og:site_name\" content=\"Barcelona Obertura\" \/>\n<meta property=\"article:published_time\" content=\"2025-03-18T11:58:12+00:00\" \/>\n<meta property=\"article:modified_time\" content=\"2025-09-12T08:20:08+00:00\" \/>\n<meta property=\"og:image\" content=\"https:\/\/www.barcelonaobertura.com\/wp-content\/uploads\/2025\/03\/ciutat-de-classica-descubre-barcelona-a-traves-de-la-musica.jpg\" \/>\n\t<meta property=\"og:image:width\" content=\"800\" \/>\n\t<meta property=\"og:image:height\" content=\"450\" \/>\n\t<meta property=\"og:image:type\" content=\"image\/jpeg\" \/>\n<meta name=\"author\" content=\"obertura\" \/>\n<meta name=\"twitter:card\" content=\"summary_large_image\" \/>\n<meta name=\"twitter:label1\" content=\"Escrito por\" \/>\n\t<meta name=\"twitter:data1\" content=\"obertura\" \/>\n\t<meta name=\"twitter:label2\" content=\"Tiempo de lectura\" \/>\n\t<meta name=\"twitter:data2\" content=\"5 minutos\" \/>\n<script type=\"application\/ld+json\" class=\"yoast-schema-graph\">{\"@context\":\"https:\\\/\\\/schema.org\",\"@graph\":[{\"@type\":\"Article\",\"@id\":\"https:\\\/\\\/www.barcelonaobertura.com\\\/es\\\/2025\\\/03\\\/un-paseo-por-la-barcelona-musical-de-ciutat-de-classica\\\/#article\",\"isPartOf\":{\"@id\":\"https:\\\/\\\/www.barcelonaobertura.com\\\/es\\\/2025\\\/03\\\/un-paseo-por-la-barcelona-musical-de-ciutat-de-classica\\\/\"},\"author\":{\"name\":\"obertura\",\"@id\":\"https:\\\/\\\/www.barcelonaobertura.com\\\/es\\\/#\\\/schema\\\/person\\\/6b92b716fe89e38a3312a330fe5abcd7\"},\"headline\":\"Un paseo por la Barcelona musical de Ciutat de Cl\u00e0ssica\",\"datePublished\":\"2025-03-18T11:58:12+00:00\",\"dateModified\":\"2025-09-12T08:20:08+00:00\",\"mainEntityOfPage\":{\"@id\":\"https:\\\/\\\/www.barcelonaobertura.com\\\/es\\\/2025\\\/03\\\/un-paseo-por-la-barcelona-musical-de-ciutat-de-classica\\\/\"},\"wordCount\":1005,\"commentCount\":0,\"image\":{\"@id\":\"https:\\\/\\\/www.barcelonaobertura.com\\\/es\\\/2025\\\/03\\\/un-paseo-por-la-barcelona-musical-de-ciutat-de-classica\\\/#primaryimage\"},\"thumbnailUrl\":\"https:\\\/\\\/www.barcelonaobertura.com\\\/wp-content\\\/uploads\\\/2025\\\/03\\\/ciutat-de-classica-descubre-barcelona-a-traves-de-la-musica.jpg\",\"keywords\":[\"Hotspots\"],\"articleSection\":[\"Sin categorizar\"],\"inLanguage\":\"es\",\"potentialAction\":[{\"@type\":\"CommentAction\",\"name\":\"Comment\",\"target\":[\"https:\\\/\\\/www.barcelonaobertura.com\\\/es\\\/2025\\\/03\\\/un-paseo-por-la-barcelona-musical-de-ciutat-de-classica\\\/#respond\"]}]},{\"@type\":\"WebPage\",\"@id\":\"https:\\\/\\\/www.barcelonaobertura.com\\\/es\\\/2025\\\/03\\\/un-paseo-por-la-barcelona-musical-de-ciutat-de-classica\\\/\",\"url\":\"https:\\\/\\\/www.barcelonaobertura.com\\\/es\\\/2025\\\/03\\\/un-paseo-por-la-barcelona-musical-de-ciutat-de-classica\\\/\",\"name\":\"Un paseo por la Barcelona musical de Ciutat de Cl\u00e0ssica - Barcelona Obertura\",\"isPartOf\":{\"@id\":\"https:\\\/\\\/www.barcelonaobertura.com\\\/es\\\/#website\"},\"primaryImageOfPage\":{\"@id\":\"https:\\\/\\\/www.barcelonaobertura.com\\\/es\\\/2025\\\/03\\\/un-paseo-por-la-barcelona-musical-de-ciutat-de-classica\\\/#primaryimage\"},\"image\":{\"@id\":\"https:\\\/\\\/www.barcelonaobertura.com\\\/es\\\/2025\\\/03\\\/un-paseo-por-la-barcelona-musical-de-ciutat-de-classica\\\/#primaryimage\"},\"thumbnailUrl\":\"https:\\\/\\\/www.barcelonaobertura.com\\\/wp-content\\\/uploads\\\/2025\\\/03\\\/ciutat-de-classica-descubre-barcelona-a-traves-de-la-musica.jpg\",\"datePublished\":\"2025-03-18T11:58:12+00:00\",\"dateModified\":\"2025-09-12T08:20:08+00:00\",\"author\":{\"@id\":\"https:\\\/\\\/www.barcelonaobertura.com\\\/es\\\/#\\\/schema\\\/person\\\/6b92b716fe89e38a3312a330fe5abcd7\"},\"description\":\"El circuito de conciertos gratuitos se desarrolla en diferentes espacios de los 10 distritos de la ciudad, desde centros c\u00edvicos y bibliotecas\",\"breadcrumb\":{\"@id\":\"https:\\\/\\\/www.barcelonaobertura.com\\\/es\\\/2025\\\/03\\\/un-paseo-por-la-barcelona-musical-de-ciutat-de-classica\\\/#breadcrumb\"},\"inLanguage\":\"es\",\"potentialAction\":[{\"@type\":\"ReadAction\",\"target\":[\"https:\\\/\\\/www.barcelonaobertura.com\\\/es\\\/2025\\\/03\\\/un-paseo-por-la-barcelona-musical-de-ciutat-de-classica\\\/\"]}]},{\"@type\":\"ImageObject\",\"inLanguage\":\"es\",\"@id\":\"https:\\\/\\\/www.barcelonaobertura.com\\\/es\\\/2025\\\/03\\\/un-paseo-por-la-barcelona-musical-de-ciutat-de-classica\\\/#primaryimage\",\"url\":\"https:\\\/\\\/www.barcelonaobertura.com\\\/wp-content\\\/uploads\\\/2025\\\/03\\\/ciutat-de-classica-descubre-barcelona-a-traves-de-la-musica.jpg\",\"contentUrl\":\"https:\\\/\\\/www.barcelonaobertura.com\\\/wp-content\\\/uploads\\\/2025\\\/03\\\/ciutat-de-classica-descubre-barcelona-a-traves-de-la-musica.jpg\",\"width\":800,\"height\":450},{\"@type\":\"BreadcrumbList\",\"@id\":\"https:\\\/\\\/www.barcelonaobertura.com\\\/es\\\/2025\\\/03\\\/un-paseo-por-la-barcelona-musical-de-ciutat-de-classica\\\/#breadcrumb\",\"itemListElement\":[{\"@type\":\"ListItem\",\"position\":1,\"name\":\"Home\",\"item\":\"https:\\\/\\\/www.barcelonaobertura.com\\\/es\\\/\"},{\"@type\":\"ListItem\",\"position\":2,\"name\":\"Un paseo por la Barcelona musical de Ciutat de Cl\u00e0ssica\"}]},{\"@type\":\"WebSite\",\"@id\":\"https:\\\/\\\/www.barcelonaobertura.com\\\/es\\\/#website\",\"url\":\"https:\\\/\\\/www.barcelonaobertura.com\\\/es\\\/\",\"name\":\"Barcelona Obertura\",\"description\":\"Come for the music, Stay for the rest\",\"potentialAction\":[{\"@type\":\"SearchAction\",\"target\":{\"@type\":\"EntryPoint\",\"urlTemplate\":\"https:\\\/\\\/www.barcelonaobertura.com\\\/es\\\/?s={search_term_string}\"},\"query-input\":{\"@type\":\"PropertyValueSpecification\",\"valueRequired\":true,\"valueName\":\"search_term_string\"}}],\"inLanguage\":\"es\"},{\"@type\":\"Person\",\"@id\":\"https:\\\/\\\/www.barcelonaobertura.com\\\/es\\\/#\\\/schema\\\/person\\\/6b92b716fe89e38a3312a330fe5abcd7\",\"name\":\"obertura\",\"image\":{\"@type\":\"ImageObject\",\"inLanguage\":\"es\",\"@id\":\"https:\\\/\\\/secure.gravatar.com\\\/avatar\\\/cdb98f8ee6dd3af94e558c4f3dc8624465efd9e7d9ab68698f339da9b6a62176?s=96&d=mm&r=g\",\"url\":\"https:\\\/\\\/secure.gravatar.com\\\/avatar\\\/cdb98f8ee6dd3af94e558c4f3dc8624465efd9e7d9ab68698f339da9b6a62176?s=96&d=mm&r=g\",\"contentUrl\":\"https:\\\/\\\/secure.gravatar.com\\\/avatar\\\/cdb98f8ee6dd3af94e558c4f3dc8624465efd9e7d9ab68698f339da9b6a62176?s=96&d=mm&r=g\",\"caption\":\"obertura\"},\"sameAs\":[\"http:\\\/\\\/barcelonaobertura.lamagnetica.net\"],\"url\":\"https:\\\/\\\/www.barcelonaobertura.com\\\/es\\\/author\\\/obertura\\\/\"}]}<\/script>\n<!-- \/ Yoast SEO plugin. -->","yoast_head_json":{"title":"Un paseo por la Barcelona musical de Ciutat de Cl\u00e0ssica - Barcelona Obertura","description":"El circuito de conciertos gratuitos se desarrolla en diferentes espacios de los 10 distritos de la ciudad, desde centros c\u00edvicos y bibliotecas","robots":{"index":"index","follow":"follow","max-snippet":"max-snippet:-1","max-image-preview":"max-image-preview:large","max-video-preview":"max-video-preview:-1"},"canonical":"https:\/\/www.barcelonaobertura.com\/es\/2025\/03\/un-paseo-por-la-barcelona-musical-de-ciutat-de-classica\/","og_locale":"es_ES","og_type":"article","og_title":"Un paseo por la Barcelona musical de Ciutat de Cl\u00e0ssica - Barcelona Obertura","og_description":"El circuito de conciertos gratuitos se desarrolla en diferentes espacios de los 10 distritos de la ciudad, desde centros c\u00edvicos y bibliotecas","og_url":"https:\/\/www.barcelonaobertura.com\/es\/2025\/03\/un-paseo-por-la-barcelona-musical-de-ciutat-de-classica\/","og_site_name":"Barcelona Obertura","article_published_time":"2025-03-18T11:58:12+00:00","article_modified_time":"2025-09-12T08:20:08+00:00","og_image":[{"width":800,"height":450,"url":"https:\/\/www.barcelonaobertura.com\/wp-content\/uploads\/2025\/03\/ciutat-de-classica-descubre-barcelona-a-traves-de-la-musica.jpg","type":"image\/jpeg"}],"author":"obertura","twitter_card":"summary_large_image","twitter_misc":{"Escrito por":"obertura","Tiempo de lectura":"5 minutos"},"schema":{"@context":"https:\/\/schema.org","@graph":[{"@type":"Article","@id":"https:\/\/www.barcelonaobertura.com\/es\/2025\/03\/un-paseo-por-la-barcelona-musical-de-ciutat-de-classica\/#article","isPartOf":{"@id":"https:\/\/www.barcelonaobertura.com\/es\/2025\/03\/un-paseo-por-la-barcelona-musical-de-ciutat-de-classica\/"},"author":{"name":"obertura","@id":"https:\/\/www.barcelonaobertura.com\/es\/#\/schema\/person\/6b92b716fe89e38a3312a330fe5abcd7"},"headline":"Un paseo por la Barcelona musical de Ciutat de Cl\u00e0ssica","datePublished":"2025-03-18T11:58:12+00:00","dateModified":"2025-09-12T08:20:08+00:00","mainEntityOfPage":{"@id":"https:\/\/www.barcelonaobertura.com\/es\/2025\/03\/un-paseo-por-la-barcelona-musical-de-ciutat-de-classica\/"},"wordCount":1005,"commentCount":0,"image":{"@id":"https:\/\/www.barcelonaobertura.com\/es\/2025\/03\/un-paseo-por-la-barcelona-musical-de-ciutat-de-classica\/#primaryimage"},"thumbnailUrl":"https:\/\/www.barcelonaobertura.com\/wp-content\/uploads\/2025\/03\/ciutat-de-classica-descubre-barcelona-a-traves-de-la-musica.jpg","keywords":["Hotspots"],"articleSection":["Sin categorizar"],"inLanguage":"es","potentialAction":[{"@type":"CommentAction","name":"Comment","target":["https:\/\/www.barcelonaobertura.com\/es\/2025\/03\/un-paseo-por-la-barcelona-musical-de-ciutat-de-classica\/#respond"]}]},{"@type":"WebPage","@id":"https:\/\/www.barcelonaobertura.com\/es\/2025\/03\/un-paseo-por-la-barcelona-musical-de-ciutat-de-classica\/","url":"https:\/\/www.barcelonaobertura.com\/es\/2025\/03\/un-paseo-por-la-barcelona-musical-de-ciutat-de-classica\/","name":"Un paseo por la Barcelona musical de Ciutat de Cl\u00e0ssica - Barcelona Obertura","isPartOf":{"@id":"https:\/\/www.barcelonaobertura.com\/es\/#website"},"primaryImageOfPage":{"@id":"https:\/\/www.barcelonaobertura.com\/es\/2025\/03\/un-paseo-por-la-barcelona-musical-de-ciutat-de-classica\/#primaryimage"},"image":{"@id":"https:\/\/www.barcelonaobertura.com\/es\/2025\/03\/un-paseo-por-la-barcelona-musical-de-ciutat-de-classica\/#primaryimage"},"thumbnailUrl":"https:\/\/www.barcelonaobertura.com\/wp-content\/uploads\/2025\/03\/ciutat-de-classica-descubre-barcelona-a-traves-de-la-musica.jpg","datePublished":"2025-03-18T11:58:12+00:00","dateModified":"2025-09-12T08:20:08+00:00","author":{"@id":"https:\/\/www.barcelonaobertura.com\/es\/#\/schema\/person\/6b92b716fe89e38a3312a330fe5abcd7"},"description":"El circuito de conciertos gratuitos se desarrolla en diferentes espacios de los 10 distritos de la ciudad, desde centros c\u00edvicos y bibliotecas","breadcrumb":{"@id":"https:\/\/www.barcelonaobertura.com\/es\/2025\/03\/un-paseo-por-la-barcelona-musical-de-ciutat-de-classica\/#breadcrumb"},"inLanguage":"es","potentialAction":[{"@type":"ReadAction","target":["https:\/\/www.barcelonaobertura.com\/es\/2025\/03\/un-paseo-por-la-barcelona-musical-de-ciutat-de-classica\/"]}]},{"@type":"ImageObject","inLanguage":"es","@id":"https:\/\/www.barcelonaobertura.com\/es\/2025\/03\/un-paseo-por-la-barcelona-musical-de-ciutat-de-classica\/#primaryimage","url":"https:\/\/www.barcelonaobertura.com\/wp-content\/uploads\/2025\/03\/ciutat-de-classica-descubre-barcelona-a-traves-de-la-musica.jpg","contentUrl":"https:\/\/www.barcelonaobertura.com\/wp-content\/uploads\/2025\/03\/ciutat-de-classica-descubre-barcelona-a-traves-de-la-musica.jpg","width":800,"height":450},{"@type":"BreadcrumbList","@id":"https:\/\/www.barcelonaobertura.com\/es\/2025\/03\/un-paseo-por-la-barcelona-musical-de-ciutat-de-classica\/#breadcrumb","itemListElement":[{"@type":"ListItem","position":1,"name":"Home","item":"https:\/\/www.barcelonaobertura.com\/es\/"},{"@type":"ListItem","position":2,"name":"Un paseo por la Barcelona musical de Ciutat de Cl\u00e0ssica"}]},{"@type":"WebSite","@id":"https:\/\/www.barcelonaobertura.com\/es\/#website","url":"https:\/\/www.barcelonaobertura.com\/es\/","name":"Barcelona Obertura","description":"Come for the music, Stay for the rest","potentialAction":[{"@type":"SearchAction","target":{"@type":"EntryPoint","urlTemplate":"https:\/\/www.barcelonaobertura.com\/es\/?s={search_term_string}"},"query-input":{"@type":"PropertyValueSpecification","valueRequired":true,"valueName":"search_term_string"}}],"inLanguage":"es"},{"@type":"Person","@id":"https:\/\/www.barcelonaobertura.com\/es\/#\/schema\/person\/6b92b716fe89e38a3312a330fe5abcd7","name":"obertura","image":{"@type":"ImageObject","inLanguage":"es","@id":"https:\/\/secure.gravatar.com\/avatar\/cdb98f8ee6dd3af94e558c4f3dc8624465efd9e7d9ab68698f339da9b6a62176?s=96&d=mm&r=g","url":"https:\/\/secure.gravatar.com\/avatar\/cdb98f8ee6dd3af94e558c4f3dc8624465efd9e7d9ab68698f339da9b6a62176?s=96&d=mm&r=g","contentUrl":"https:\/\/secure.gravatar.com\/avatar\/cdb98f8ee6dd3af94e558c4f3dc8624465efd9e7d9ab68698f339da9b6a62176?s=96&d=mm&r=g","caption":"obertura"},"sameAs":["http:\/\/barcelonaobertura.lamagnetica.net"],"url":"https:\/\/www.barcelonaobertura.com\/es\/author\/obertura\/"}]}},"_links":{"self":[{"href":"https:\/\/www.barcelonaobertura.com\/es\/wp-json\/wp\/v2\/posts\/131033","targetHints":{"allow":["GET"]}}],"collection":[{"href":"https:\/\/www.barcelonaobertura.com\/es\/wp-json\/wp\/v2\/posts"}],"about":[{"href":"https:\/\/www.barcelonaobertura.com\/es\/wp-json\/wp\/v2\/types\/post"}],"author":[{"embeddable":true,"href":"https:\/\/www.barcelonaobertura.com\/es\/wp-json\/wp\/v2\/users\/1"}],"replies":[{"embeddable":true,"href":"https:\/\/www.barcelonaobertura.com\/es\/wp-json\/wp\/v2\/comments?post=131033"}],"version-history":[{"count":3,"href":"https:\/\/www.barcelonaobertura.com\/es\/wp-json\/wp\/v2\/posts\/131033\/revisions"}],"predecessor-version":[{"id":170728,"href":"https:\/\/www.barcelonaobertura.com\/es\/wp-json\/wp\/v2\/posts\/131033\/revisions\/170728"}],"wp:featuredmedia":[{"embeddable":true,"href":"https:\/\/www.barcelonaobertura.com\/es\/wp-json\/wp\/v2\/media\/131029"}],"wp:attachment":[{"href":"https:\/\/www.barcelonaobertura.com\/es\/wp-json\/wp\/v2\/media?parent=131033"}],"wp:term":[{"taxonomy":"category","embeddable":true,"href":"https:\/\/www.barcelonaobertura.com\/es\/wp-json\/wp\/v2\/categories?post=131033"},{"taxonomy":"post_tag","embeddable":true,"href":"https:\/\/www.barcelonaobertura.com\/es\/wp-json\/wp\/v2\/tags?post=131033"}],"curies":[{"name":"wp","href":"https:\/\/api.w.org\/{rel}","templated":true}]}}