{"id":131180,"date":"2025-03-25T10:11:35","date_gmt":"2025-03-25T10:11:35","guid":{"rendered":"https:\/\/www.barcelonaobertura.com\/?p=131180"},"modified":"2025-09-12T08:17:45","modified_gmt":"2025-09-12T08:17:45","slug":"sean-scully-exposicion-en-la-pedrera","status":"publish","type":"post","link":"https:\/\/www.barcelonaobertura.com\/es\/2025\/03\/sean-scully-exposicion-en-la-pedrera\/","title":{"rendered":"Sean Scully Exposici\u00f3n en La Pedrera"},"content":{"rendered":"\n<p><strong>14.03.2025 \u2013 06.07.2025<\/strong><\/p>\n\n\n\n<p>La retrospectiva m\u00e1s completa de la obra de uno de los grandes referentes de la abstracci\u00f3n contempor\u00e1nea. <\/p>\n\n\n\n<p>Con m\u00e1s de sesenta obras, esta muestra en La Pedrera ofrece una visi\u00f3n \u00fanica de la trayectoria del artista a lo largo de siete d\u00e9cadas, desde sus inicios figurativos hasta sus m\u00e1s recientes creaciones. Una de las piezas m\u00e1s impactantes es una escultura monumental al patio de Paseo de Gracia, creada espec\u00edficamente para esta muestra, que sorprende desde el primero momento y marca el tono de un recorrido lleno de ritmo, intensidad y emoci\u00f3n.<\/p>\n\n\n\n<p>La exposici\u00f3n explora sus pinturas, esculturas, dibujos y fotograf\u00edas, donde los bloques de color, l\u00edneas y texturas transmiten emociones profundas y crean una conexi\u00f3n \u00fanica con el espectador. Cada pieza es una invitaci\u00f3n a sumergirse en un universo de ritmo e intensidad que transforma la pintura abstracta en una experiencia visual e introspectiva.<\/p>\n\n\n\n<p>Comisariado: Javier Molins<\/p>\n\n\n\n<h3 class=\"wp-block-heading\"><strong>Actividades exposici\u00f3n expandida<\/strong><\/h3>\n\n\n\n<p><strong>Estreno del documental sobre Sean Scully, de David Trueba 6 mayo 2025 &#8211; 20.00 h. Auditorio de La Pedrera<\/strong><\/p>\n\n\n\n<p><br>El director David Trueba acerca al p\u00fablico la figura de uno de los artistas m\u00e1s relevantes de la pintura abstracta de la segunda mitad del siglo xx. Despu\u00e9s de la proyecci\u00f3n, habr\u00e1 un di\u00e1logo entre David Trueba y Javier Molins, comisario de la exposici\u00f3n, moderado por la periodista Laura Sangr\u00e0.<\/p>\n\n\n\n<h3 class=\"wp-block-heading\">Concierto de Anastasia Kobekina en el Foyer del Liceu<\/h3>\n\n\n\n<p><strong>12 mayo 2025 &#8211; 20.00 h. Foyer del Gran Teatre del Liceu <\/strong><\/p>\n\n\n\n<p>Para Sean Scully, la m\u00fasica es el arte m\u00e1s abstracto y, por su naturaleza et\u00e9rea, el m\u00e1s pr\u00f3ximo al esp\u00edritu. En muchos aspectos, su obra pict\u00f3rica respira musicalidad: tiene ritmo, repeticiones, fugas\u2026 En este concierto, su pintura establece un di\u00e1logo con una selecci\u00f3n de piezas musicales propuestas por la talentosa violonchelista Anastasia Kobekina. Un espect\u00e1culo visual y sonoro que nos sumergir\u00e1 tanto en la materialidad como en la espiritualidad del universo de Sean Scully.<\/p>\n\n\n\n<h3 class=\"wp-block-heading\">Concierto de la Escolan\u00eda de Montserrat, Orquesta de Miracle &amp; Juan de la Rubia<\/h3>\n\n\n\n<p><strong>22 mayo 2025 &#8211; 20.00 h. Palau de la M\u00fasica Catalana<\/strong><\/p>\n\n\n\n<p>En el marco de las celebraciones del Milenario de Montserrat en el Palau de la M\u00fasica, se presenta este concierto a cargo de la Escolan\u00eda de Montserrat y la Capilla de M\u00fasica de Montserrat junto con la Orquesta de Miracle, fundada ahora hace dos a\u00f1os al santuario de Miracle, en el Solson\u00e8s, sufrag\u00e1neo de Montserrat.<\/p>\n\n\n\n<h3 class=\"wp-block-heading\">Visita a Santa Cec\u00edlia de Montserrat. Espacio de Arte Sean Scully<\/h3>\n\n\n\n<p><strong>14 junio 2025 &#8211; 11.00 h. Santa Cec\u00edlia de Montserrat. Espacio de Arte Sean Scully<\/strong><\/p>\n\n\n\n<p>Con motivo de la exposici\u00f3n, tendr\u00e1 lugar una visita comentada a Santa Cec\u00edlia de Montserrat. Espacio de Arte Sean Scully, un lugar donde el arte contempor\u00e1neo y el patrimonio hist\u00f3rico dialogan de manera excepcional. La visita se acabar\u00e1 con un concierto de los Barcelona Clarinete Players, con m\u00fasica de Bernat Vivancos inspirada en la obra de Sean Scully. Una experiencia completa que fusiona arte, patrimonio y m\u00fasica en un entorno incomparable.<\/p>\n\n\n\n<p><\/p>\n","protected":false},"excerpt":{"rendered":"<p>La exposici\u00f3n explora sus pinturas, esculturas, dibujos y fotograf\u00edas, donde los bloques de color, l\u00edneas y texturas transmiten emociones profundas y crean una conexi\u00f3n \u00fanica con el espectador.<\/p>\n","protected":false},"author":1,"featured_media":131172,"comment_status":"open","ping_status":"open","sticky":false,"template":"","format":"standard","meta":{"_acf_changed":false,"footnotes":""},"categories":[228],"tags":[265],"class_list":["post-131180","post","type-post","status-publish","format-standard","has-post-thumbnail","hentry","category-sin-categorizar","tag-hotspots-es"],"acf":[],"yoast_head":"<!-- This site is optimized with the Yoast SEO plugin v27.5 - https:\/\/yoast.com\/product\/yoast-seo-wordpress\/ -->\n<title>Sean Scully Exposici\u00f3n en La Pedrera - Barcelona Obertura<\/title>\n<meta name=\"description\" content=\"BO Recomienda, Hotspots, Stay for the rest... Entra para descubrir Sean Scully Exposici\u00f3n en La Pedrera y m\u00e1s.\" \/>\n<meta name=\"robots\" content=\"index, follow, max-snippet:-1, max-image-preview:large, max-video-preview:-1\" \/>\n<link rel=\"canonical\" href=\"https:\/\/www.barcelonaobertura.com\/es\/2025\/03\/sean-scully-exposicion-en-la-pedrera\/\" \/>\n<meta property=\"og:locale\" content=\"es_ES\" \/>\n<meta property=\"og:type\" content=\"article\" \/>\n<meta property=\"og:title\" content=\"Sean Scully Exposici\u00f3n en La Pedrera - Barcelona Obertura\" \/>\n<meta property=\"og:description\" content=\"BO Recomienda, Hotspots, Stay for the rest... Entra para descubrir Sean Scully Exposici\u00f3n en La Pedrera y m\u00e1s.\" \/>\n<meta property=\"og:url\" content=\"https:\/\/www.barcelonaobertura.com\/es\/2025\/03\/sean-scully-exposicion-en-la-pedrera\/\" \/>\n<meta property=\"og:site_name\" content=\"Barcelona Obertura\" \/>\n<meta property=\"article:published_time\" content=\"2025-03-25T10:11:35+00:00\" \/>\n<meta property=\"article:modified_time\" content=\"2025-09-12T08:17:45+00:00\" \/>\n<meta property=\"og:image\" content=\"https:\/\/www.barcelonaobertura.com\/wp-content\/uploads\/2025\/03\/Sean-Scully_exposicio-Pedrera-13-scaled.jpg\" \/>\n\t<meta property=\"og:image:width\" content=\"2560\" \/>\n\t<meta property=\"og:image:height\" content=\"1706\" \/>\n\t<meta property=\"og:image:type\" content=\"image\/jpeg\" \/>\n<meta name=\"author\" content=\"obertura\" \/>\n<meta name=\"twitter:card\" content=\"summary_large_image\" \/>\n<meta name=\"twitter:label1\" content=\"Escrito por\" \/>\n\t<meta name=\"twitter:data1\" content=\"obertura\" \/>\n\t<meta name=\"twitter:label2\" content=\"Tiempo de lectura\" \/>\n\t<meta name=\"twitter:data2\" content=\"3 minutos\" \/>\n<script type=\"application\/ld+json\" class=\"yoast-schema-graph\">{\"@context\":\"https:\\\/\\\/schema.org\",\"@graph\":[{\"@type\":\"Article\",\"@id\":\"https:\\\/\\\/www.barcelonaobertura.com\\\/es\\\/2025\\\/03\\\/sean-scully-exposicion-en-la-pedrera\\\/#article\",\"isPartOf\":{\"@id\":\"https:\\\/\\\/www.barcelonaobertura.com\\\/es\\\/2025\\\/03\\\/sean-scully-exposicion-en-la-pedrera\\\/\"},\"author\":{\"name\":\"obertura\",\"@id\":\"https:\\\/\\\/www.barcelonaobertura.com\\\/es\\\/#\\\/schema\\\/person\\\/6b92b716fe89e38a3312a330fe5abcd7\"},\"headline\":\"Sean Scully Exposici\u00f3n en La Pedrera\",\"datePublished\":\"2025-03-25T10:11:35+00:00\",\"dateModified\":\"2025-09-12T08:17:45+00:00\",\"mainEntityOfPage\":{\"@id\":\"https:\\\/\\\/www.barcelonaobertura.com\\\/es\\\/2025\\\/03\\\/sean-scully-exposicion-en-la-pedrera\\\/\"},\"wordCount\":534,\"commentCount\":0,\"image\":{\"@id\":\"https:\\\/\\\/www.barcelonaobertura.com\\\/es\\\/2025\\\/03\\\/sean-scully-exposicion-en-la-pedrera\\\/#primaryimage\"},\"thumbnailUrl\":\"https:\\\/\\\/www.barcelonaobertura.com\\\/wp-content\\\/uploads\\\/2025\\\/03\\\/Sean-Scully_exposicio-Pedrera-13-scaled.jpg\",\"keywords\":[\"Hotspots\"],\"articleSection\":[\"Sin categorizar\"],\"inLanguage\":\"es\",\"potentialAction\":[{\"@type\":\"CommentAction\",\"name\":\"Comment\",\"target\":[\"https:\\\/\\\/www.barcelonaobertura.com\\\/es\\\/2025\\\/03\\\/sean-scully-exposicion-en-la-pedrera\\\/#respond\"]}]},{\"@type\":\"WebPage\",\"@id\":\"https:\\\/\\\/www.barcelonaobertura.com\\\/es\\\/2025\\\/03\\\/sean-scully-exposicion-en-la-pedrera\\\/\",\"url\":\"https:\\\/\\\/www.barcelonaobertura.com\\\/es\\\/2025\\\/03\\\/sean-scully-exposicion-en-la-pedrera\\\/\",\"name\":\"Sean Scully Exposici\u00f3n en La Pedrera - Barcelona Obertura\",\"isPartOf\":{\"@id\":\"https:\\\/\\\/www.barcelonaobertura.com\\\/es\\\/#website\"},\"primaryImageOfPage\":{\"@id\":\"https:\\\/\\\/www.barcelonaobertura.com\\\/es\\\/2025\\\/03\\\/sean-scully-exposicion-en-la-pedrera\\\/#primaryimage\"},\"image\":{\"@id\":\"https:\\\/\\\/www.barcelonaobertura.com\\\/es\\\/2025\\\/03\\\/sean-scully-exposicion-en-la-pedrera\\\/#primaryimage\"},\"thumbnailUrl\":\"https:\\\/\\\/www.barcelonaobertura.com\\\/wp-content\\\/uploads\\\/2025\\\/03\\\/Sean-Scully_exposicio-Pedrera-13-scaled.jpg\",\"datePublished\":\"2025-03-25T10:11:35+00:00\",\"dateModified\":\"2025-09-12T08:17:45+00:00\",\"author\":{\"@id\":\"https:\\\/\\\/www.barcelonaobertura.com\\\/es\\\/#\\\/schema\\\/person\\\/6b92b716fe89e38a3312a330fe5abcd7\"},\"description\":\"BO Recomienda, Hotspots, Stay for the rest... Entra para descubrir Sean Scully Exposici\u00f3n en La Pedrera y m\u00e1s.\",\"breadcrumb\":{\"@id\":\"https:\\\/\\\/www.barcelonaobertura.com\\\/es\\\/2025\\\/03\\\/sean-scully-exposicion-en-la-pedrera\\\/#breadcrumb\"},\"inLanguage\":\"es\",\"potentialAction\":[{\"@type\":\"ReadAction\",\"target\":[\"https:\\\/\\\/www.barcelonaobertura.com\\\/es\\\/2025\\\/03\\\/sean-scully-exposicion-en-la-pedrera\\\/\"]}]},{\"@type\":\"ImageObject\",\"inLanguage\":\"es\",\"@id\":\"https:\\\/\\\/www.barcelonaobertura.com\\\/es\\\/2025\\\/03\\\/sean-scully-exposicion-en-la-pedrera\\\/#primaryimage\",\"url\":\"https:\\\/\\\/www.barcelonaobertura.com\\\/wp-content\\\/uploads\\\/2025\\\/03\\\/Sean-Scully_exposicio-Pedrera-13-scaled.jpg\",\"contentUrl\":\"https:\\\/\\\/www.barcelonaobertura.com\\\/wp-content\\\/uploads\\\/2025\\\/03\\\/Sean-Scully_exposicio-Pedrera-13-scaled.jpg\",\"width\":2560,\"height\":1706,\"caption\":\"sean scully exposici\u00f3n en la pedrera\"},{\"@type\":\"BreadcrumbList\",\"@id\":\"https:\\\/\\\/www.barcelonaobertura.com\\\/es\\\/2025\\\/03\\\/sean-scully-exposicion-en-la-pedrera\\\/#breadcrumb\",\"itemListElement\":[{\"@type\":\"ListItem\",\"position\":1,\"name\":\"Home\",\"item\":\"https:\\\/\\\/www.barcelonaobertura.com\\\/es\\\/\"},{\"@type\":\"ListItem\",\"position\":2,\"name\":\"Sean Scully Exposici\u00f3n en La Pedrera\"}]},{\"@type\":\"WebSite\",\"@id\":\"https:\\\/\\\/www.barcelonaobertura.com\\\/es\\\/#website\",\"url\":\"https:\\\/\\\/www.barcelonaobertura.com\\\/es\\\/\",\"name\":\"Barcelona Obertura\",\"description\":\"Come for the music, Stay for the rest\",\"potentialAction\":[{\"@type\":\"SearchAction\",\"target\":{\"@type\":\"EntryPoint\",\"urlTemplate\":\"https:\\\/\\\/www.barcelonaobertura.com\\\/es\\\/?s={search_term_string}\"},\"query-input\":{\"@type\":\"PropertyValueSpecification\",\"valueRequired\":true,\"valueName\":\"search_term_string\"}}],\"inLanguage\":\"es\"},{\"@type\":\"Person\",\"@id\":\"https:\\\/\\\/www.barcelonaobertura.com\\\/es\\\/#\\\/schema\\\/person\\\/6b92b716fe89e38a3312a330fe5abcd7\",\"name\":\"obertura\",\"image\":{\"@type\":\"ImageObject\",\"inLanguage\":\"es\",\"@id\":\"https:\\\/\\\/secure.gravatar.com\\\/avatar\\\/cdb98f8ee6dd3af94e558c4f3dc8624465efd9e7d9ab68698f339da9b6a62176?s=96&d=mm&r=g\",\"url\":\"https:\\\/\\\/secure.gravatar.com\\\/avatar\\\/cdb98f8ee6dd3af94e558c4f3dc8624465efd9e7d9ab68698f339da9b6a62176?s=96&d=mm&r=g\",\"contentUrl\":\"https:\\\/\\\/secure.gravatar.com\\\/avatar\\\/cdb98f8ee6dd3af94e558c4f3dc8624465efd9e7d9ab68698f339da9b6a62176?s=96&d=mm&r=g\",\"caption\":\"obertura\"},\"sameAs\":[\"http:\\\/\\\/barcelonaobertura.lamagnetica.net\"],\"url\":\"https:\\\/\\\/www.barcelonaobertura.com\\\/es\\\/author\\\/obertura\\\/\"}]}<\/script>\n<!-- \/ Yoast SEO plugin. -->","yoast_head_json":{"title":"Sean Scully Exposici\u00f3n en La Pedrera - Barcelona Obertura","description":"BO Recomienda, Hotspots, Stay for the rest... Entra para descubrir Sean Scully Exposici\u00f3n en La Pedrera y m\u00e1s.","robots":{"index":"index","follow":"follow","max-snippet":"max-snippet:-1","max-image-preview":"max-image-preview:large","max-video-preview":"max-video-preview:-1"},"canonical":"https:\/\/www.barcelonaobertura.com\/es\/2025\/03\/sean-scully-exposicion-en-la-pedrera\/","og_locale":"es_ES","og_type":"article","og_title":"Sean Scully Exposici\u00f3n en La Pedrera - Barcelona Obertura","og_description":"BO Recomienda, Hotspots, Stay for the rest... Entra para descubrir Sean Scully Exposici\u00f3n en La Pedrera y m\u00e1s.","og_url":"https:\/\/www.barcelonaobertura.com\/es\/2025\/03\/sean-scully-exposicion-en-la-pedrera\/","og_site_name":"Barcelona Obertura","article_published_time":"2025-03-25T10:11:35+00:00","article_modified_time":"2025-09-12T08:17:45+00:00","og_image":[{"width":2560,"height":1706,"url":"https:\/\/www.barcelonaobertura.com\/wp-content\/uploads\/2025\/03\/Sean-Scully_exposicio-Pedrera-13-scaled.jpg","type":"image\/jpeg"}],"author":"obertura","twitter_card":"summary_large_image","twitter_misc":{"Escrito por":"obertura","Tiempo de lectura":"3 minutos"},"schema":{"@context":"https:\/\/schema.org","@graph":[{"@type":"Article","@id":"https:\/\/www.barcelonaobertura.com\/es\/2025\/03\/sean-scully-exposicion-en-la-pedrera\/#article","isPartOf":{"@id":"https:\/\/www.barcelonaobertura.com\/es\/2025\/03\/sean-scully-exposicion-en-la-pedrera\/"},"author":{"name":"obertura","@id":"https:\/\/www.barcelonaobertura.com\/es\/#\/schema\/person\/6b92b716fe89e38a3312a330fe5abcd7"},"headline":"Sean Scully Exposici\u00f3n en La Pedrera","datePublished":"2025-03-25T10:11:35+00:00","dateModified":"2025-09-12T08:17:45+00:00","mainEntityOfPage":{"@id":"https:\/\/www.barcelonaobertura.com\/es\/2025\/03\/sean-scully-exposicion-en-la-pedrera\/"},"wordCount":534,"commentCount":0,"image":{"@id":"https:\/\/www.barcelonaobertura.com\/es\/2025\/03\/sean-scully-exposicion-en-la-pedrera\/#primaryimage"},"thumbnailUrl":"https:\/\/www.barcelonaobertura.com\/wp-content\/uploads\/2025\/03\/Sean-Scully_exposicio-Pedrera-13-scaled.jpg","keywords":["Hotspots"],"articleSection":["Sin categorizar"],"inLanguage":"es","potentialAction":[{"@type":"CommentAction","name":"Comment","target":["https:\/\/www.barcelonaobertura.com\/es\/2025\/03\/sean-scully-exposicion-en-la-pedrera\/#respond"]}]},{"@type":"WebPage","@id":"https:\/\/www.barcelonaobertura.com\/es\/2025\/03\/sean-scully-exposicion-en-la-pedrera\/","url":"https:\/\/www.barcelonaobertura.com\/es\/2025\/03\/sean-scully-exposicion-en-la-pedrera\/","name":"Sean Scully Exposici\u00f3n en La Pedrera - Barcelona Obertura","isPartOf":{"@id":"https:\/\/www.barcelonaobertura.com\/es\/#website"},"primaryImageOfPage":{"@id":"https:\/\/www.barcelonaobertura.com\/es\/2025\/03\/sean-scully-exposicion-en-la-pedrera\/#primaryimage"},"image":{"@id":"https:\/\/www.barcelonaobertura.com\/es\/2025\/03\/sean-scully-exposicion-en-la-pedrera\/#primaryimage"},"thumbnailUrl":"https:\/\/www.barcelonaobertura.com\/wp-content\/uploads\/2025\/03\/Sean-Scully_exposicio-Pedrera-13-scaled.jpg","datePublished":"2025-03-25T10:11:35+00:00","dateModified":"2025-09-12T08:17:45+00:00","author":{"@id":"https:\/\/www.barcelonaobertura.com\/es\/#\/schema\/person\/6b92b716fe89e38a3312a330fe5abcd7"},"description":"BO Recomienda, Hotspots, Stay for the rest... Entra para descubrir Sean Scully Exposici\u00f3n en La Pedrera y m\u00e1s.","breadcrumb":{"@id":"https:\/\/www.barcelonaobertura.com\/es\/2025\/03\/sean-scully-exposicion-en-la-pedrera\/#breadcrumb"},"inLanguage":"es","potentialAction":[{"@type":"ReadAction","target":["https:\/\/www.barcelonaobertura.com\/es\/2025\/03\/sean-scully-exposicion-en-la-pedrera\/"]}]},{"@type":"ImageObject","inLanguage":"es","@id":"https:\/\/www.barcelonaobertura.com\/es\/2025\/03\/sean-scully-exposicion-en-la-pedrera\/#primaryimage","url":"https:\/\/www.barcelonaobertura.com\/wp-content\/uploads\/2025\/03\/Sean-Scully_exposicio-Pedrera-13-scaled.jpg","contentUrl":"https:\/\/www.barcelonaobertura.com\/wp-content\/uploads\/2025\/03\/Sean-Scully_exposicio-Pedrera-13-scaled.jpg","width":2560,"height":1706,"caption":"sean scully exposici\u00f3n en la pedrera"},{"@type":"BreadcrumbList","@id":"https:\/\/www.barcelonaobertura.com\/es\/2025\/03\/sean-scully-exposicion-en-la-pedrera\/#breadcrumb","itemListElement":[{"@type":"ListItem","position":1,"name":"Home","item":"https:\/\/www.barcelonaobertura.com\/es\/"},{"@type":"ListItem","position":2,"name":"Sean Scully Exposici\u00f3n en La Pedrera"}]},{"@type":"WebSite","@id":"https:\/\/www.barcelonaobertura.com\/es\/#website","url":"https:\/\/www.barcelonaobertura.com\/es\/","name":"Barcelona Obertura","description":"Come for the music, Stay for the rest","potentialAction":[{"@type":"SearchAction","target":{"@type":"EntryPoint","urlTemplate":"https:\/\/www.barcelonaobertura.com\/es\/?s={search_term_string}"},"query-input":{"@type":"PropertyValueSpecification","valueRequired":true,"valueName":"search_term_string"}}],"inLanguage":"es"},{"@type":"Person","@id":"https:\/\/www.barcelonaobertura.com\/es\/#\/schema\/person\/6b92b716fe89e38a3312a330fe5abcd7","name":"obertura","image":{"@type":"ImageObject","inLanguage":"es","@id":"https:\/\/secure.gravatar.com\/avatar\/cdb98f8ee6dd3af94e558c4f3dc8624465efd9e7d9ab68698f339da9b6a62176?s=96&d=mm&r=g","url":"https:\/\/secure.gravatar.com\/avatar\/cdb98f8ee6dd3af94e558c4f3dc8624465efd9e7d9ab68698f339da9b6a62176?s=96&d=mm&r=g","contentUrl":"https:\/\/secure.gravatar.com\/avatar\/cdb98f8ee6dd3af94e558c4f3dc8624465efd9e7d9ab68698f339da9b6a62176?s=96&d=mm&r=g","caption":"obertura"},"sameAs":["http:\/\/barcelonaobertura.lamagnetica.net"],"url":"https:\/\/www.barcelonaobertura.com\/es\/author\/obertura\/"}]}},"_links":{"self":[{"href":"https:\/\/www.barcelonaobertura.com\/es\/wp-json\/wp\/v2\/posts\/131180","targetHints":{"allow":["GET"]}}],"collection":[{"href":"https:\/\/www.barcelonaobertura.com\/es\/wp-json\/wp\/v2\/posts"}],"about":[{"href":"https:\/\/www.barcelonaobertura.com\/es\/wp-json\/wp\/v2\/types\/post"}],"author":[{"embeddable":true,"href":"https:\/\/www.barcelonaobertura.com\/es\/wp-json\/wp\/v2\/users\/1"}],"replies":[{"embeddable":true,"href":"https:\/\/www.barcelonaobertura.com\/es\/wp-json\/wp\/v2\/comments?post=131180"}],"version-history":[{"count":3,"href":"https:\/\/www.barcelonaobertura.com\/es\/wp-json\/wp\/v2\/posts\/131180\/revisions"}],"predecessor-version":[{"id":170721,"href":"https:\/\/www.barcelonaobertura.com\/es\/wp-json\/wp\/v2\/posts\/131180\/revisions\/170721"}],"wp:featuredmedia":[{"embeddable":true,"href":"https:\/\/www.barcelonaobertura.com\/es\/wp-json\/wp\/v2\/media\/131172"}],"wp:attachment":[{"href":"https:\/\/www.barcelonaobertura.com\/es\/wp-json\/wp\/v2\/media?parent=131180"}],"wp:term":[{"taxonomy":"category","embeddable":true,"href":"https:\/\/www.barcelonaobertura.com\/es\/wp-json\/wp\/v2\/categories?post=131180"},{"taxonomy":"post_tag","embeddable":true,"href":"https:\/\/www.barcelonaobertura.com\/es\/wp-json\/wp\/v2\/tags?post=131180"}],"curies":[{"name":"wp","href":"https:\/\/api.w.org\/{rel}","templated":true}]}}