{"id":131544,"date":"2025-06-10T06:42:57","date_gmt":"2025-06-10T06:42:57","guid":{"rendered":"https:\/\/www.barcelonaobertura.com\/2025\/06\/the-four-major-summer-festivals\/"},"modified":"2025-06-10T06:57:32","modified_gmt":"2025-06-10T06:57:32","slug":"the-four-major-summer-festivals","status":"publish","type":"post","link":"https:\/\/www.barcelonaobertura.com\/es\/2025\/06\/the-four-major-summer-festivals\/","title":{"rendered":"Los cuatro grandes festivales de verano"},"content":{"rendered":"\n<p>Barcelona se prepara para un verano de ritmos que llenar\u00e1n la ciudad con sonidos de todo el mundo. Desde beats electr\u00f3nicos en la playa hasta melod\u00edas cl\u00e1sicas en escenarios hist\u00f3ricos, la capital catalana se convierte en un epicentro musical que atrae a amantes de la m\u00fasica de todas las edades y gustos. Con una programaci\u00f3n amplia, algunos festivales destacan como imprescindibles, ofreciendo una paleta que abarca pop, m\u00fasica urbana, electr\u00f3nica, rock y m\u00fasica cl\u00e1sica.<\/p>\n\n\n\n<p>Pero estos eventos van mucho m\u00e1s all\u00e1 de los conciertos. Son aut\u00e9nticas experiencias inmersivas que invitan a pasar todo el d\u00eda all\u00ed. Hay zonas de descanso, actividades dise\u00f1adas para familias, talleres innovadores que conectan la m\u00fasica con la tecnolog\u00eda y espacios que promueven la interacci\u00f3n entre artistas y p\u00fablico. La diversidad gastron\u00f3mica tambi\u00e9n juega un papel importante: food trucks con cocina local e internacional, todas con opciones vegetarianas y veganas. Adem\u00e1s, hay un compromiso con la energ\u00eda renovable, materiales biodegradables y la reducci\u00f3n de pl\u00e1sticos de un solo uso, reflejando el impulso de la ciudad hacia un ocio responsable y consciente.<\/p>\n\n\n\n<p><\/p>\n\n\n\n<h2 class=\"wp-block-heading\"><strong><strong>Primavera Sound: pop y diversidad en el Parc del F\u00f2rum<\/strong><\/strong><\/h2>\n\n\n\n<p>El Primavera Sound 2025 regresar\u00e1 al Parc del F\u00f2rum en Barcelona del 4 al 8 de junio, reafirmando su posici\u00f3n como uno de los festivales de m\u00fasica m\u00e1s influyentes de Europa. Esta edici\u00f3n presenta un programa que abarca una amplia variedad de estilos con un claro compromiso con la inclusi\u00f3n. El cartel incluye nombres como Charli XCX, Troye Sivan, Sabrina Carpenter y Chappell Roan, \u00edconos del pop contempor\u00e1neo, junto a bandas como LCD Soundsystem, HAIM, La Casa Azul, Fontaines D.C. y Beach House.<\/p>\n\n\n\n<p>La programaci\u00f3n no se limita al recinto del F\u00f2rum: del 2 al 8 de junio, Primavera a la Ciutat llevar\u00e1 conciertos a diversos espacios de Barcelona como Apolo, Razzmatazz, Paral\u00b7lel 62, LAUT, La Nau y Enfants. All\u00ed actuar\u00e1n artistas como Nil\u00fcfer Yanya, Kneecap, Peter Doherty, Tinariwen y Allie X, complementando la programaci\u00f3n oficial con una gran variedad de estilos. Paralelamente, Primavera Pro organizar\u00e1 22 conciertos gratuitos en el CCCB los d\u00edas 5, 6 y 7 de junio, con m\u00fasicos emergentes de lugares tan diversos como Corea del Sur, Francia, Irlanda y Argentina.<\/p>\n\n\n\n<p><\/p>\n\n\n\n<h2 class=\"wp-block-heading\"><strong><strong>S\u00f3nar Barcelona: electr\u00f3nica y creatividad digital<\/strong><\/strong><\/h2>\n\n\n\n<p>El S\u00f3nar Barcelona 2025 se celebrar\u00e1 entre el 12 y el 14 de junio, convirtiendo a la ciudad en un centro mundial de m\u00fasica electr\u00f3nica e innovaci\u00f3n digital. El festival se divide en dos grandes espacios: S\u00f3nar de D\u00eda y S\u00f3nar de Noche. El primero, en Fira Montju\u00efc, ofrece conciertos, showcases y S\u00f3nar+D, con debates y actividades sobre inteligencia artificial, realidad aumentada y nuevos formatos de creaci\u00f3n musical. El segundo, en Fira Gran Via, transforma el espacio en una inmensa pista de baile con sesiones de los mejores DJs internacionales.<\/p>\n\n\n\n<p>Este a\u00f1o, el cartel incluye a artistas destacados como Nathy Peluso, Alizzz, BICEP, Peggy Gou, Hiroko Yamamura y Kerri Chandler. Tambi\u00e9n estar\u00e1n Skrillex b2b Blawan, Baldman, Dengue Dengue Dengue y Max Cooper, entre muchos otros. Por su parte, el AI &amp; Music powered by S+T+ARTS, una iniciativa de la Comisi\u00f3n Europea, presenta un programa con actuaciones, charlas, clases magistrales y talleres que exploran los v\u00ednculos entre el aprendizaje autom\u00e1tico y la creaci\u00f3n musical.<\/p>\n\n\n\n<p><\/p>\n\n\n\n<h2 class=\"wp-block-heading\"><strong><strong>Cl\u00e1sica en la playa: melod\u00edas sinf\u00f3nicas junto al mar<\/strong><\/strong><\/h2>\n\n\n\n<p>Organizado por Barcelona Obertura, en colaboraci\u00f3n con L\u2019Auditori, el Palau de la M\u00fasica Catalana y el Gran Teatre del Liceu, el Festival de Cl\u00e1sica en la Playa es un evento imprescindible para los amantes de la m\u00fasica sinf\u00f3nica. Cada verano, la playa de Sant Sebasti\u00e0 se transforma en un gran escenario abierto al mar. Con la puesta de sol como tel\u00f3n de fondo y la brisa marina como compa\u00f1era, el p\u00fablico disfrutar\u00e1 de obras cl\u00e1sicas interpretadas por la Orquesta Sinf\u00f3nica del Gran Teatre del Liceu y la Orquesta Sinf\u00f3nica de Barcelona y Nacional de Catalunya.<\/p>\n\n\n\n<p>El objetivo de este evento es acercar la m\u00fasica cl\u00e1sica a toda la ciudadan\u00eda, con conciertos gratuitos y un programa para todos los p\u00fablicos. Pero su aspecto social va m\u00e1s all\u00e1: los coros infantiles del Orfe\u00f3 Catal\u00e0 act\u00faan en residencias de ancianos, mientras que el Cor de C\u00e1mara del Palau ofrece conciertos en hospitales como el Hospital del Mar, asegurando que la m\u00fasica llegue tambi\u00e9n a quienes no pueden ir a la playa.<\/p>\n\n\n\n<p><\/p>\n\n\n\n<h2 class=\"wp-block-heading\"><strong>Festival Cru\u00eflla: diversidad musical con esp\u00edritu mediterr\u00e1neo<\/strong><\/h2>\n\n\n\n<p>El Festival Cru\u00eflla 2025 se llevar\u00e1 a cabo del 9 al 12 de julio en el Parc del F\u00f2rum y celebrar\u00e1 su 15.\u00ba aniversario con un programa de lujo. Su cartel re\u00fane grandes nombres como Alanis Morissette, Thirty Seconds to Mars, Texas, Ben Harper &amp; The Innocent Criminals, Love of Lesbian (con un especial doble concierto) o The Sex Pistols &amp; Frank Carter. Adem\u00e1s, actuar\u00e1n Crystal Fighters, Mikel Izal, Quimi Portet y Le\u00f3n Benavente.<\/p>\n\n\n\n<p>Cru\u00eflla se ha ganado su reputaci\u00f3n gracias a la diversidad de estilos. Pop, rock, indie, reggae, hip-hop y electr\u00f3nica conviven en un programa para todos los gustos y edades. Pero no todo es m\u00fasica: el festival ofrece espect\u00e1culos de humor, arte urbano, talleres y zonas de descanso para convertir el recinto en un espacio para pasar todo el d\u00eda. Tambi\u00e9n cuenta con una oferta gastron\u00f3mica que incluye platos locales, men\u00fas para cel\u00edacos, vegetarianos y veganos, reflejando la diversidad culinaria de la ciudad.<\/p>\n\n\n\n<p>Esta amplia oferta de festivales posiciona a Barcelona como un destino musical por excelencia. Un verano lleno de m\u00fasica, actividades y cultura hacen de la ciudad el lugar ideal para disfrutar de una amplia variedad de m\u00fasica en vivo en escenarios, estilos y formatos \u00fanicos.<\/p>\n\n\n\n<p><\/p>\n","protected":false},"excerpt":{"rendered":"<p>Desde beats electr\u00f3nicos en la playa hasta melod\u00edas cl\u00e1sicas en escenarios hist\u00f3ricos, la capital catalana se convierte en un epicentro musical que atrae a amantes de la m\u00fasica de todas las edades y gustos. <\/p>\n","protected":false},"author":2,"featured_media":131541,"comment_status":"open","ping_status":"open","sticky":false,"template":"","format":"standard","meta":{"_acf_changed":false,"footnotes":""},"categories":[228],"tags":[265],"class_list":["post-131544","post","type-post","status-publish","format-standard","has-post-thumbnail","hentry","category-sin-categorizar","tag-hotspots-es"],"acf":[],"yoast_head":"<!-- This site is optimized with the Yoast SEO plugin v27.5 - https:\/\/yoast.com\/product\/yoast-seo-wordpress\/ -->\n<title>Los cuatro grandes festivales de verano - Barcelona Obertura<\/title>\n<meta name=\"description\" content=\"Desde beats electr\u00f3nicos en la playa hasta melod\u00edas cl\u00e1sicas en escenarios hist\u00f3ricos, Barcelona se convierte en un epicentro musical.\" \/>\n<meta name=\"robots\" content=\"index, follow, max-snippet:-1, max-image-preview:large, max-video-preview:-1\" \/>\n<link rel=\"canonical\" href=\"https:\/\/www.barcelonaobertura.com\/es\/2025\/06\/the-four-major-summer-festivals\/\" \/>\n<meta property=\"og:locale\" content=\"es_ES\" \/>\n<meta property=\"og:type\" content=\"article\" \/>\n<meta property=\"og:title\" content=\"Los cuatro grandes festivales de verano - Barcelona Obertura\" \/>\n<meta property=\"og:description\" content=\"Desde beats electr\u00f3nicos en la playa hasta melod\u00edas cl\u00e1sicas en escenarios hist\u00f3ricos, Barcelona se convierte en un epicentro musical.\" \/>\n<meta property=\"og:url\" content=\"https:\/\/www.barcelonaobertura.com\/es\/2025\/06\/the-four-major-summer-festivals\/\" \/>\n<meta property=\"og:site_name\" content=\"Barcelona Obertura\" \/>\n<meta property=\"article:published_time\" content=\"2025-06-10T06:42:57+00:00\" \/>\n<meta property=\"article:modified_time\" content=\"2025-06-10T06:57:32+00:00\" \/>\n<meta property=\"og:image\" content=\"https:\/\/www.barcelonaobertura.com\/wp-content\/uploads\/2025\/06\/Primavera-2.jpg\" \/>\n\t<meta property=\"og:image:width\" content=\"2000\" \/>\n\t<meta property=\"og:image:height\" content=\"1331\" \/>\n\t<meta property=\"og:image:type\" content=\"image\/jpeg\" \/>\n<meta name=\"author\" content=\"Laura N\u00fa\u00f1ez\" \/>\n<meta name=\"twitter:card\" content=\"summary_large_image\" \/>\n<meta name=\"twitter:label1\" content=\"Escrito por\" \/>\n\t<meta name=\"twitter:data1\" content=\"Laura N\u00fa\u00f1ez\" \/>\n\t<meta name=\"twitter:label2\" content=\"Tiempo de lectura\" \/>\n\t<meta name=\"twitter:data2\" content=\"5 minutos\" \/>\n<script type=\"application\/ld+json\" class=\"yoast-schema-graph\">{\"@context\":\"https:\\\/\\\/schema.org\",\"@graph\":[{\"@type\":\"Article\",\"@id\":\"https:\\\/\\\/www.barcelonaobertura.com\\\/es\\\/2025\\\/06\\\/the-four-major-summer-festivals\\\/#article\",\"isPartOf\":{\"@id\":\"https:\\\/\\\/www.barcelonaobertura.com\\\/es\\\/2025\\\/06\\\/the-four-major-summer-festivals\\\/\"},\"author\":{\"name\":\"Laura N\u00fa\u00f1ez\",\"@id\":\"https:\\\/\\\/www.barcelonaobertura.com\\\/es\\\/#\\\/schema\\\/person\\\/31d9a948e0eab5c30c0e332afea7aab9\"},\"headline\":\"Los cuatro grandes festivales de verano\",\"datePublished\":\"2025-06-10T06:42:57+00:00\",\"dateModified\":\"2025-06-10T06:57:32+00:00\",\"mainEntityOfPage\":{\"@id\":\"https:\\\/\\\/www.barcelonaobertura.com\\\/es\\\/2025\\\/06\\\/the-four-major-summer-festivals\\\/\"},\"wordCount\":1013,\"commentCount\":0,\"image\":{\"@id\":\"https:\\\/\\\/www.barcelonaobertura.com\\\/es\\\/2025\\\/06\\\/the-four-major-summer-festivals\\\/#primaryimage\"},\"thumbnailUrl\":\"https:\\\/\\\/www.barcelonaobertura.com\\\/wp-content\\\/uploads\\\/2025\\\/06\\\/Primavera-2.jpg\",\"keywords\":[\"Hotspots\"],\"articleSection\":[\"Sin categorizar\"],\"inLanguage\":\"es\",\"potentialAction\":[{\"@type\":\"CommentAction\",\"name\":\"Comment\",\"target\":[\"https:\\\/\\\/www.barcelonaobertura.com\\\/es\\\/2025\\\/06\\\/the-four-major-summer-festivals\\\/#respond\"]}]},{\"@type\":\"WebPage\",\"@id\":\"https:\\\/\\\/www.barcelonaobertura.com\\\/es\\\/2025\\\/06\\\/the-four-major-summer-festivals\\\/\",\"url\":\"https:\\\/\\\/www.barcelonaobertura.com\\\/es\\\/2025\\\/06\\\/the-four-major-summer-festivals\\\/\",\"name\":\"Los cuatro grandes festivales de verano - Barcelona Obertura\",\"isPartOf\":{\"@id\":\"https:\\\/\\\/www.barcelonaobertura.com\\\/es\\\/#website\"},\"primaryImageOfPage\":{\"@id\":\"https:\\\/\\\/www.barcelonaobertura.com\\\/es\\\/2025\\\/06\\\/the-four-major-summer-festivals\\\/#primaryimage\"},\"image\":{\"@id\":\"https:\\\/\\\/www.barcelonaobertura.com\\\/es\\\/2025\\\/06\\\/the-four-major-summer-festivals\\\/#primaryimage\"},\"thumbnailUrl\":\"https:\\\/\\\/www.barcelonaobertura.com\\\/wp-content\\\/uploads\\\/2025\\\/06\\\/Primavera-2.jpg\",\"datePublished\":\"2025-06-10T06:42:57+00:00\",\"dateModified\":\"2025-06-10T06:57:32+00:00\",\"author\":{\"@id\":\"https:\\\/\\\/www.barcelonaobertura.com\\\/es\\\/#\\\/schema\\\/person\\\/31d9a948e0eab5c30c0e332afea7aab9\"},\"description\":\"Desde beats electr\u00f3nicos en la playa hasta melod\u00edas cl\u00e1sicas en escenarios hist\u00f3ricos, Barcelona se convierte en un epicentro musical.\",\"breadcrumb\":{\"@id\":\"https:\\\/\\\/www.barcelonaobertura.com\\\/es\\\/2025\\\/06\\\/the-four-major-summer-festivals\\\/#breadcrumb\"},\"inLanguage\":\"es\",\"potentialAction\":[{\"@type\":\"ReadAction\",\"target\":[\"https:\\\/\\\/www.barcelonaobertura.com\\\/es\\\/2025\\\/06\\\/the-four-major-summer-festivals\\\/\"]}]},{\"@type\":\"ImageObject\",\"inLanguage\":\"es\",\"@id\":\"https:\\\/\\\/www.barcelonaobertura.com\\\/es\\\/2025\\\/06\\\/the-four-major-summer-festivals\\\/#primaryimage\",\"url\":\"https:\\\/\\\/www.barcelonaobertura.com\\\/wp-content\\\/uploads\\\/2025\\\/06\\\/Primavera-2.jpg\",\"contentUrl\":\"https:\\\/\\\/www.barcelonaobertura.com\\\/wp-content\\\/uploads\\\/2025\\\/06\\\/Primavera-2.jpg\",\"width\":2000,\"height\":1331},{\"@type\":\"BreadcrumbList\",\"@id\":\"https:\\\/\\\/www.barcelonaobertura.com\\\/es\\\/2025\\\/06\\\/the-four-major-summer-festivals\\\/#breadcrumb\",\"itemListElement\":[{\"@type\":\"ListItem\",\"position\":1,\"name\":\"Home\",\"item\":\"https:\\\/\\\/www.barcelonaobertura.com\\\/es\\\/\"},{\"@type\":\"ListItem\",\"position\":2,\"name\":\"Los cuatro grandes festivales de verano\"}]},{\"@type\":\"WebSite\",\"@id\":\"https:\\\/\\\/www.barcelonaobertura.com\\\/es\\\/#website\",\"url\":\"https:\\\/\\\/www.barcelonaobertura.com\\\/es\\\/\",\"name\":\"Barcelona Obertura\",\"description\":\"Come for the music, Stay for the rest\",\"potentialAction\":[{\"@type\":\"SearchAction\",\"target\":{\"@type\":\"EntryPoint\",\"urlTemplate\":\"https:\\\/\\\/www.barcelonaobertura.com\\\/es\\\/?s={search_term_string}\"},\"query-input\":{\"@type\":\"PropertyValueSpecification\",\"valueRequired\":true,\"valueName\":\"search_term_string\"}}],\"inLanguage\":\"es\"},{\"@type\":\"Person\",\"@id\":\"https:\\\/\\\/www.barcelonaobertura.com\\\/es\\\/#\\\/schema\\\/person\\\/31d9a948e0eab5c30c0e332afea7aab9\",\"name\":\"Laura N\u00fa\u00f1ez\",\"image\":{\"@type\":\"ImageObject\",\"inLanguage\":\"es\",\"@id\":\"https:\\\/\\\/secure.gravatar.com\\\/avatar\\\/0cd2199764e97045b425c74a4f57757f147c2088a2eec4837f5605cff5eb0cb1?s=96&d=mm&r=g\",\"url\":\"https:\\\/\\\/secure.gravatar.com\\\/avatar\\\/0cd2199764e97045b425c74a4f57757f147c2088a2eec4837f5605cff5eb0cb1?s=96&d=mm&r=g\",\"contentUrl\":\"https:\\\/\\\/secure.gravatar.com\\\/avatar\\\/0cd2199764e97045b425c74a4f57757f147c2088a2eec4837f5605cff5eb0cb1?s=96&d=mm&r=g\",\"caption\":\"Laura N\u00fa\u00f1ez\"},\"url\":\"https:\\\/\\\/www.barcelonaobertura.com\\\/es\\\/author\\\/laura\\\/\"}]}<\/script>\n<!-- \/ Yoast SEO plugin. -->","yoast_head_json":{"title":"Los cuatro grandes festivales de verano - Barcelona Obertura","description":"Desde beats electr\u00f3nicos en la playa hasta melod\u00edas cl\u00e1sicas en escenarios hist\u00f3ricos, Barcelona se convierte en un epicentro musical.","robots":{"index":"index","follow":"follow","max-snippet":"max-snippet:-1","max-image-preview":"max-image-preview:large","max-video-preview":"max-video-preview:-1"},"canonical":"https:\/\/www.barcelonaobertura.com\/es\/2025\/06\/the-four-major-summer-festivals\/","og_locale":"es_ES","og_type":"article","og_title":"Los cuatro grandes festivales de verano - Barcelona Obertura","og_description":"Desde beats electr\u00f3nicos en la playa hasta melod\u00edas cl\u00e1sicas en escenarios hist\u00f3ricos, Barcelona se convierte en un epicentro musical.","og_url":"https:\/\/www.barcelonaobertura.com\/es\/2025\/06\/the-four-major-summer-festivals\/","og_site_name":"Barcelona Obertura","article_published_time":"2025-06-10T06:42:57+00:00","article_modified_time":"2025-06-10T06:57:32+00:00","og_image":[{"width":2000,"height":1331,"url":"https:\/\/www.barcelonaobertura.com\/wp-content\/uploads\/2025\/06\/Primavera-2.jpg","type":"image\/jpeg"}],"author":"Laura N\u00fa\u00f1ez","twitter_card":"summary_large_image","twitter_misc":{"Escrito por":"Laura N\u00fa\u00f1ez","Tiempo de lectura":"5 minutos"},"schema":{"@context":"https:\/\/schema.org","@graph":[{"@type":"Article","@id":"https:\/\/www.barcelonaobertura.com\/es\/2025\/06\/the-four-major-summer-festivals\/#article","isPartOf":{"@id":"https:\/\/www.barcelonaobertura.com\/es\/2025\/06\/the-four-major-summer-festivals\/"},"author":{"name":"Laura N\u00fa\u00f1ez","@id":"https:\/\/www.barcelonaobertura.com\/es\/#\/schema\/person\/31d9a948e0eab5c30c0e332afea7aab9"},"headline":"Los cuatro grandes festivales de verano","datePublished":"2025-06-10T06:42:57+00:00","dateModified":"2025-06-10T06:57:32+00:00","mainEntityOfPage":{"@id":"https:\/\/www.barcelonaobertura.com\/es\/2025\/06\/the-four-major-summer-festivals\/"},"wordCount":1013,"commentCount":0,"image":{"@id":"https:\/\/www.barcelonaobertura.com\/es\/2025\/06\/the-four-major-summer-festivals\/#primaryimage"},"thumbnailUrl":"https:\/\/www.barcelonaobertura.com\/wp-content\/uploads\/2025\/06\/Primavera-2.jpg","keywords":["Hotspots"],"articleSection":["Sin categorizar"],"inLanguage":"es","potentialAction":[{"@type":"CommentAction","name":"Comment","target":["https:\/\/www.barcelonaobertura.com\/es\/2025\/06\/the-four-major-summer-festivals\/#respond"]}]},{"@type":"WebPage","@id":"https:\/\/www.barcelonaobertura.com\/es\/2025\/06\/the-four-major-summer-festivals\/","url":"https:\/\/www.barcelonaobertura.com\/es\/2025\/06\/the-four-major-summer-festivals\/","name":"Los cuatro grandes festivales de verano - Barcelona Obertura","isPartOf":{"@id":"https:\/\/www.barcelonaobertura.com\/es\/#website"},"primaryImageOfPage":{"@id":"https:\/\/www.barcelonaobertura.com\/es\/2025\/06\/the-four-major-summer-festivals\/#primaryimage"},"image":{"@id":"https:\/\/www.barcelonaobertura.com\/es\/2025\/06\/the-four-major-summer-festivals\/#primaryimage"},"thumbnailUrl":"https:\/\/www.barcelonaobertura.com\/wp-content\/uploads\/2025\/06\/Primavera-2.jpg","datePublished":"2025-06-10T06:42:57+00:00","dateModified":"2025-06-10T06:57:32+00:00","author":{"@id":"https:\/\/www.barcelonaobertura.com\/es\/#\/schema\/person\/31d9a948e0eab5c30c0e332afea7aab9"},"description":"Desde beats electr\u00f3nicos en la playa hasta melod\u00edas cl\u00e1sicas en escenarios hist\u00f3ricos, Barcelona se convierte en un epicentro musical.","breadcrumb":{"@id":"https:\/\/www.barcelonaobertura.com\/es\/2025\/06\/the-four-major-summer-festivals\/#breadcrumb"},"inLanguage":"es","potentialAction":[{"@type":"ReadAction","target":["https:\/\/www.barcelonaobertura.com\/es\/2025\/06\/the-four-major-summer-festivals\/"]}]},{"@type":"ImageObject","inLanguage":"es","@id":"https:\/\/www.barcelonaobertura.com\/es\/2025\/06\/the-four-major-summer-festivals\/#primaryimage","url":"https:\/\/www.barcelonaobertura.com\/wp-content\/uploads\/2025\/06\/Primavera-2.jpg","contentUrl":"https:\/\/www.barcelonaobertura.com\/wp-content\/uploads\/2025\/06\/Primavera-2.jpg","width":2000,"height":1331},{"@type":"BreadcrumbList","@id":"https:\/\/www.barcelonaobertura.com\/es\/2025\/06\/the-four-major-summer-festivals\/#breadcrumb","itemListElement":[{"@type":"ListItem","position":1,"name":"Home","item":"https:\/\/www.barcelonaobertura.com\/es\/"},{"@type":"ListItem","position":2,"name":"Los cuatro grandes festivales de verano"}]},{"@type":"WebSite","@id":"https:\/\/www.barcelonaobertura.com\/es\/#website","url":"https:\/\/www.barcelonaobertura.com\/es\/","name":"Barcelona Obertura","description":"Come for the music, Stay for the rest","potentialAction":[{"@type":"SearchAction","target":{"@type":"EntryPoint","urlTemplate":"https:\/\/www.barcelonaobertura.com\/es\/?s={search_term_string}"},"query-input":{"@type":"PropertyValueSpecification","valueRequired":true,"valueName":"search_term_string"}}],"inLanguage":"es"},{"@type":"Person","@id":"https:\/\/www.barcelonaobertura.com\/es\/#\/schema\/person\/31d9a948e0eab5c30c0e332afea7aab9","name":"Laura N\u00fa\u00f1ez","image":{"@type":"ImageObject","inLanguage":"es","@id":"https:\/\/secure.gravatar.com\/avatar\/0cd2199764e97045b425c74a4f57757f147c2088a2eec4837f5605cff5eb0cb1?s=96&d=mm&r=g","url":"https:\/\/secure.gravatar.com\/avatar\/0cd2199764e97045b425c74a4f57757f147c2088a2eec4837f5605cff5eb0cb1?s=96&d=mm&r=g","contentUrl":"https:\/\/secure.gravatar.com\/avatar\/0cd2199764e97045b425c74a4f57757f147c2088a2eec4837f5605cff5eb0cb1?s=96&d=mm&r=g","caption":"Laura N\u00fa\u00f1ez"},"url":"https:\/\/www.barcelonaobertura.com\/es\/author\/laura\/"}]}},"_links":{"self":[{"href":"https:\/\/www.barcelonaobertura.com\/es\/wp-json\/wp\/v2\/posts\/131544","targetHints":{"allow":["GET"]}}],"collection":[{"href":"https:\/\/www.barcelonaobertura.com\/es\/wp-json\/wp\/v2\/posts"}],"about":[{"href":"https:\/\/www.barcelonaobertura.com\/es\/wp-json\/wp\/v2\/types\/post"}],"author":[{"embeddable":true,"href":"https:\/\/www.barcelonaobertura.com\/es\/wp-json\/wp\/v2\/users\/2"}],"replies":[{"embeddable":true,"href":"https:\/\/www.barcelonaobertura.com\/es\/wp-json\/wp\/v2\/comments?post=131544"}],"version-history":[{"count":5,"href":"https:\/\/www.barcelonaobertura.com\/es\/wp-json\/wp\/v2\/posts\/131544\/revisions"}],"predecessor-version":[{"id":131562,"href":"https:\/\/www.barcelonaobertura.com\/es\/wp-json\/wp\/v2\/posts\/131544\/revisions\/131562"}],"wp:featuredmedia":[{"embeddable":true,"href":"https:\/\/www.barcelonaobertura.com\/es\/wp-json\/wp\/v2\/media\/131541"}],"wp:attachment":[{"href":"https:\/\/www.barcelonaobertura.com\/es\/wp-json\/wp\/v2\/media?parent=131544"}],"wp:term":[{"taxonomy":"category","embeddable":true,"href":"https:\/\/www.barcelonaobertura.com\/es\/wp-json\/wp\/v2\/categories?post=131544"},{"taxonomy":"post_tag","embeddable":true,"href":"https:\/\/www.barcelonaobertura.com\/es\/wp-json\/wp\/v2\/tags?post=131544"}],"curies":[{"name":"wp","href":"https:\/\/api.w.org\/{rel}","templated":true}]}}