{"id":170518,"date":"2025-07-23T20:52:21","date_gmt":"2025-07-23T20:52:21","guid":{"rendered":"https:\/\/www.barcelonaobertura.com\/2025\/07\/el-molino-the-best-music-hall-in-barcelona\/"},"modified":"2025-10-17T11:19:52","modified_gmt":"2025-10-17T11:19:52","slug":"el-molino-the-best-music-hall-in-barcelona","status":"publish","type":"post","link":"https:\/\/www.barcelonaobertura.com\/es\/2025\/07\/el-molino-the-best-music-hall-in-barcelona\/","title":{"rendered":"El Molino, el mejor music-hall de Barcelona"},"content":{"rendered":"\n<p>Tras una d\u00e9cada cerrado, <strong>El Molino<\/strong>, el hist\u00f3rico <strong>music-hall del Paral\u00b7lel<\/strong>, ha reabierto sus puertas para recuperar el esp\u00edritu de un espacio ic\u00f3nico de la noche barcelonesa. Esta sala m\u00edtica, que durante d\u00e9cadas ha sido un s\u00edmbolo del entretenimiento y la cultura en la ciudad, regresa con una nueva etapa que equilibra su legado con una oferta contempor\u00e1nea y diversa, adaptada a los nuevos tiempos. Su reapertura no solo representa la recuperaci\u00f3n de un espacio de gran valor patrimonial, sino que tambi\u00e9n supone un impulso para el panorama art\u00edstico de Barcelona, contribuyendo a revitalizar el Paral\u00b7lel como centro neur\u00e1lgico de la escena musical y teatral.<\/p>\n\n\n\n<p>Con una programaci\u00f3n renovada, combina propuestas ecl\u00e9cticas que incluyen <strong>conciertos<\/strong>, <strong>espect\u00e1culos<\/strong> y un <strong>club nocturno<\/strong>, creando una experiencia que fusiona lo mejor del pasado con las tendencias m\u00e1s actuales. Su agenda acoge tanto a <strong>artistas consolidados<\/strong> como a <strong>talentos emergentes<\/strong>, reafirm\u00e1ndose como un <strong>escenario de referencia para la m\u00fasica y las artes esc\u00e9nicas<\/strong>. Con este nuevo cap\u00edtulo, <strong>El Molino<\/strong> recupera su fuerza y su lugar en el coraz\u00f3n de la escena art\u00edstica barcelonesa, consolid\u00e1ndose de nuevo como un polo de creatividad y expresi\u00f3n cultural.<\/p>\n\n\n\n<p><\/p>\n\n\n\n<h2 class=\"wp-block-heading\"><strong>Un edificio con m\u00e1s de cien a\u00f1os de historia<\/strong><\/h2>\n\n\n\n<p>Inaugurado en 1898 como una taberna de marineros llamada La Pajarera, <strong>El Molino<\/strong> evolucion\u00f3 hasta convertirse en uno de los espacios m\u00e1s emblem\u00e1ticos del Paral\u00b7lel, una arteria cultural que durante d\u00e9cadas marc\u00f3 el ritmo del espect\u00e1culo y la noche barcelonesa. Inspirado en el m\u00edtico <strong>Moulin Rouge de Par\u00eds<\/strong>, el local adopt\u00f3 su nombre definitivo y se consolid\u00f3 como uno de los grandes templos del <strong>cabaret<\/strong>, el <strong>music-hall<\/strong> y las <strong>variedades<\/strong>, convirti\u00e9ndose en un espacio imprescindible para artistas y espectadores de varias generaciones.<\/p>\n\n\n\n<p>Adem\u00e1s de ser un escenario de referencia, tambi\u00e9n se convirti\u00f3 en un <strong>s\u00edmbolo de la libertad de expresi\u00f3n y la transgresi\u00f3n<\/strong>, sirviendo como reflejo de los cambios sociales y culturales del siglo XX en Barcelona. Pero, a pesar de sus momentos de gloria, el local vivi\u00f3 varias etapas de decadencia, marcadas por <strong>crisis econ\u00f3micas<\/strong> y <strong>transformaciones urban\u00edsticas<\/strong> que afectaron a la avenida del Paral\u00b7lel. Finalmente, en 2013 cerr\u00f3 definitivamente sus puertas, apagando una de las <strong>iconos m\u00e1s queridos del teatro de variedades<\/strong>. Su <strong>fachada roja<\/strong>, con las <strong>caracter\u00edsticas aspas de molino<\/strong>, qued\u00f3 como un recuerdo de un pasado lleno de luces e historias, esperando el momento de renacer.<\/p>\n\n\n\n<p><\/p>\n\n\n\n<h2 class=\"wp-block-heading\"><strong>Programaci\u00f3n actual y espect\u00e1culos futuros<\/strong><\/h2>\n\n\n\n<p>La programaci\u00f3n del nuevo <strong>Molino<\/strong> apuesta por una oferta diversa, consolid\u00e1ndose como un espacio de encuentro para la <strong>m\u00fasica en vivo<\/strong> y para nuevas propuestas esc\u00e9nicas. Con una capacidad para 250 personas y un ambiente \u00edntimo que recuerda a los <strong>clubs de jazz cl\u00e1sicos<\/strong>, busca una <strong>experiencia inmersiva<\/strong> donde la proximidad entre artista y p\u00fablico sea clave, ofreciendo actuaciones que favorezcan la <strong>interacci\u00f3n y conexi\u00f3n directa<\/strong> con la audiencia. El espacio, de hecho, cuenta con <strong>dos anfiteatros<\/strong> y una zona de mesas adaptables a pista de baile, ampliando as\u00ed su <strong>versatilidad<\/strong> y permitiendo m\u00faltiples formatos de espect\u00e1culo.<\/p>\n\n\n\n<p>El <strong>jazz<\/strong>, uno de los g\u00e9neros con m\u00e1s tradici\u00f3n en la sala, tiene un <strong>papel protagonista<\/strong>, con una selecci\u00f3n de artistas de primer nivel. La programaci\u00f3n tambi\u00e9n incluye conciertos de <strong>flamenco<\/strong>, <strong>folk<\/strong>, <strong>rumba<\/strong> y <strong>soul<\/strong>, con <strong>artistas nacionales e internacionales<\/strong> como <strong>Richard Bona<\/strong>, <strong>Quimi Portet<\/strong>, <strong>Calexico<\/strong>, <strong>Fatoumata Diawara<\/strong> o <strong>Leonor Watling<\/strong>, entre muchos otros. Adem\u00e1s, el local quiere consolidarse como el <strong>gran club de las m\u00fasicas minoritarias de Barcelona<\/strong>, dando voz a g\u00e9neros y artistas que a menudo no encuentran espacio en otras salas de la ciudad.<\/p>\n\n\n\n<p>Adem\u00e1s de la m\u00fasica, el establecimiento recupera su esp\u00edritu <strong>teatral e irreverente<\/strong>, acogiendo <strong>mon\u00f3logos de 12 a 14 minutos<\/strong> en el <strong>Hil\u00e0ria Club de Comedia<\/strong>, las noches de los mi\u00e9rcoles. Esta apuesta por la <strong>cultura multidisciplinar<\/strong> tambi\u00e9n se refleja en <strong>colaboraciones con festivales reconocidos<\/strong> como <strong>BarnaSants<\/strong> y <strong>Jazz I Am<\/strong>, que llevar\u00e1n al Paral\u00b7lel algunas de las <strong>propuestas m\u00e1s estimulantes del panorama actual<\/strong>, ampliando as\u00ed el <strong>impacto cultural del nuevo Molino<\/strong>.<\/p>\n\n\n\n<p><\/p>\n\n\n\n<h2 class=\"wp-block-heading\"><strong>Un nuevo espacio gastron\u00f3mico y sesiones de club<\/strong><\/h2>\n\n\n\n<p>Una de las grandes novedades de esta reapertura es la incorporaci\u00f3n de una <strong>propuesta gastron\u00f3mica y de cocteler\u00eda de calidad<\/strong>, pensada para completar la experiencia de los espectadores y ofrecer una <strong>inmersi\u00f3n sensorial<\/strong>. Su oferta se inspira en locales ic\u00f3nicos como el <strong>Blue Note de Nueva York<\/strong> o el <strong>Ronnie Scott\u2019s de Londres<\/strong>, con la voluntad de recrear el ambiente <strong>sofisticado y acogedor<\/strong> de estos referentes internacionales, <strong>fusionando m\u00fasica, gastronom\u00eda y cocteler\u00eda<\/strong> en una experiencia \u00fanica.<\/p>\n\n\n\n<p>El <strong>servicio de bar y restaurante<\/strong>, sin embargo, solo est\u00e1 abierto durante los espect\u00e1culos, por lo que la \u00fanica manera de degustar la propuesta de tapas creativas es apunt\u00e1ndose a alguno de los <strong>conciertos, sesiones o mon\u00f3logos<\/strong>. A cargo de la propuesta est\u00e1 el equipo del <strong>restaurante JOK<\/strong>, con sede en el <strong>Eixample<\/strong>, conocido por saber <strong>combinar cocteler\u00eda de autor con platos mediterr\u00e1neos de alta calidad<\/strong>.<\/p>\n\n\n\n<p>Cada concierto, adem\u00e1s, da paso a un <strong>club nocturno<\/strong>, con sesiones como <strong>Disco Marisco<\/strong> e <strong>It\u2019s Playtime!<\/strong>, a cargo de <strong>reconocidos DJs y selectores musicales<\/strong>. Este nuevo formato, que <strong>combina conciertos en vivo con sesiones musicales seleccionadas<\/strong>, convierte <strong>El Molino<\/strong> en un <strong>espacio cultural en constante movimiento<\/strong>, donde el <strong>espect\u00e1culo da paso a la fiesta<\/strong> y la <strong>noche se transforma en un viaje sensorial lleno de ritmo y creatividad<\/strong>.<\/p>\n\n\n\n<p><\/p>\n","protected":false},"excerpt":{"rendered":"<p>Esta sala m\u00edtica, que durante d\u00e9cadas ha sido un s\u00edmbolo del entretenimiento y la cultura en la ciudad, regresa con una nueva etapa que equilibra su legado con una oferta contempor\u00e1nea y diversa, adaptada a los nuevos tiempos.<\/p>\n","protected":false},"author":2,"featured_media":170514,"comment_status":"open","ping_status":"open","sticky":false,"template":"","format":"standard","meta":{"_acf_changed":false,"footnotes":""},"categories":[228],"tags":[265],"class_list":["post-170518","post","type-post","status-publish","format-standard","has-post-thumbnail","hentry","category-sin-categorizar","tag-hotspots-es"],"acf":[],"yoast_head":"<!-- This site is optimized with the Yoast SEO plugin v27.5 - https:\/\/yoast.com\/product\/yoast-seo-wordpress\/ -->\n<title>El Molino, el mejor music-hall de Barcelona - Barcelona Obertura<\/title>\n<meta name=\"description\" content=\"El Molino, Paral\u00b7lel\u2019s historic music, has reopened its doors to recover the spirit of an icon of the Barcelona night.\" \/>\n<meta name=\"robots\" content=\"index, follow, max-snippet:-1, max-image-preview:large, max-video-preview:-1\" \/>\n<link rel=\"canonical\" href=\"https:\/\/www.barcelonaobertura.com\/es\/2025\/07\/el-molino-the-best-music-hall-in-barcelona\/\" \/>\n<meta property=\"og:locale\" content=\"es_ES\" \/>\n<meta property=\"og:type\" content=\"article\" \/>\n<meta property=\"og:title\" content=\"El Molino, el mejor music-hall de Barcelona - Barcelona Obertura\" \/>\n<meta property=\"og:description\" content=\"El Molino, Paral\u00b7lel\u2019s historic music, has reopened its doors to recover the spirit of an icon of the Barcelona night.\" \/>\n<meta property=\"og:url\" content=\"https:\/\/www.barcelonaobertura.com\/es\/2025\/07\/el-molino-the-best-music-hall-in-barcelona\/\" \/>\n<meta property=\"og:site_name\" content=\"Barcelona Obertura\" \/>\n<meta property=\"article:published_time\" content=\"2025-07-23T20:52:21+00:00\" \/>\n<meta property=\"article:modified_time\" content=\"2025-10-17T11:19:52+00:00\" \/>\n<meta property=\"og:image\" content=\"https:\/\/www.barcelonaobertura.com\/wp-content\/uploads\/2025\/07\/El-Molino_Eliane-Elias_DSC_3336_\u00a9Victor-Parreno-scaled.jpg\" \/>\n\t<meta property=\"og:image:width\" content=\"2560\" \/>\n\t<meta property=\"og:image:height\" content=\"1703\" \/>\n\t<meta property=\"og:image:type\" content=\"image\/jpeg\" \/>\n<meta name=\"author\" content=\"Laura N\u00fa\u00f1ez\" \/>\n<meta name=\"twitter:card\" content=\"summary_large_image\" \/>\n<meta name=\"twitter:label1\" content=\"Escrito por\" \/>\n\t<meta name=\"twitter:data1\" content=\"Laura N\u00fa\u00f1ez\" \/>\n\t<meta name=\"twitter:label2\" content=\"Tiempo de lectura\" \/>\n\t<meta name=\"twitter:data2\" content=\"5 minutos\" \/>\n<script type=\"application\/ld+json\" class=\"yoast-schema-graph\">{\"@context\":\"https:\\\/\\\/schema.org\",\"@graph\":[{\"@type\":\"Article\",\"@id\":\"https:\\\/\\\/www.barcelonaobertura.com\\\/es\\\/2025\\\/07\\\/el-molino-the-best-music-hall-in-barcelona\\\/#article\",\"isPartOf\":{\"@id\":\"https:\\\/\\\/www.barcelonaobertura.com\\\/es\\\/2025\\\/07\\\/el-molino-the-best-music-hall-in-barcelona\\\/\"},\"author\":{\"name\":\"Laura N\u00fa\u00f1ez\",\"@id\":\"https:\\\/\\\/www.barcelonaobertura.com\\\/es\\\/#\\\/schema\\\/person\\\/31d9a948e0eab5c30c0e332afea7aab9\"},\"headline\":\"El Molino, el mejor music-hall de Barcelona\",\"datePublished\":\"2025-07-23T20:52:21+00:00\",\"dateModified\":\"2025-10-17T11:19:52+00:00\",\"mainEntityOfPage\":{\"@id\":\"https:\\\/\\\/www.barcelonaobertura.com\\\/es\\\/2025\\\/07\\\/el-molino-the-best-music-hall-in-barcelona\\\/\"},\"wordCount\":964,\"commentCount\":0,\"image\":{\"@id\":\"https:\\\/\\\/www.barcelonaobertura.com\\\/es\\\/2025\\\/07\\\/el-molino-the-best-music-hall-in-barcelona\\\/#primaryimage\"},\"thumbnailUrl\":\"https:\\\/\\\/www.barcelonaobertura.com\\\/wp-content\\\/uploads\\\/2025\\\/07\\\/El-Molino_Eliane-Elias_DSC_3336_\u00a9Victor-Parreno-scaled.jpg\",\"keywords\":[\"Hotspots\"],\"articleSection\":[\"Sin categorizar\"],\"inLanguage\":\"es\",\"potentialAction\":[{\"@type\":\"CommentAction\",\"name\":\"Comment\",\"target\":[\"https:\\\/\\\/www.barcelonaobertura.com\\\/es\\\/2025\\\/07\\\/el-molino-the-best-music-hall-in-barcelona\\\/#respond\"]}]},{\"@type\":\"WebPage\",\"@id\":\"https:\\\/\\\/www.barcelonaobertura.com\\\/es\\\/2025\\\/07\\\/el-molino-the-best-music-hall-in-barcelona\\\/\",\"url\":\"https:\\\/\\\/www.barcelonaobertura.com\\\/es\\\/2025\\\/07\\\/el-molino-the-best-music-hall-in-barcelona\\\/\",\"name\":\"El Molino, el mejor music-hall de Barcelona - Barcelona Obertura\",\"isPartOf\":{\"@id\":\"https:\\\/\\\/www.barcelonaobertura.com\\\/es\\\/#website\"},\"primaryImageOfPage\":{\"@id\":\"https:\\\/\\\/www.barcelonaobertura.com\\\/es\\\/2025\\\/07\\\/el-molino-the-best-music-hall-in-barcelona\\\/#primaryimage\"},\"image\":{\"@id\":\"https:\\\/\\\/www.barcelonaobertura.com\\\/es\\\/2025\\\/07\\\/el-molino-the-best-music-hall-in-barcelona\\\/#primaryimage\"},\"thumbnailUrl\":\"https:\\\/\\\/www.barcelonaobertura.com\\\/wp-content\\\/uploads\\\/2025\\\/07\\\/El-Molino_Eliane-Elias_DSC_3336_\u00a9Victor-Parreno-scaled.jpg\",\"datePublished\":\"2025-07-23T20:52:21+00:00\",\"dateModified\":\"2025-10-17T11:19:52+00:00\",\"author\":{\"@id\":\"https:\\\/\\\/www.barcelonaobertura.com\\\/es\\\/#\\\/schema\\\/person\\\/31d9a948e0eab5c30c0e332afea7aab9\"},\"description\":\"El Molino, Paral\u00b7lel\u2019s historic music, has reopened its doors to recover the spirit of an icon of the Barcelona night.\",\"breadcrumb\":{\"@id\":\"https:\\\/\\\/www.barcelonaobertura.com\\\/es\\\/2025\\\/07\\\/el-molino-the-best-music-hall-in-barcelona\\\/#breadcrumb\"},\"inLanguage\":\"es\",\"potentialAction\":[{\"@type\":\"ReadAction\",\"target\":[\"https:\\\/\\\/www.barcelonaobertura.com\\\/es\\\/2025\\\/07\\\/el-molino-the-best-music-hall-in-barcelona\\\/\"]}]},{\"@type\":\"ImageObject\",\"inLanguage\":\"es\",\"@id\":\"https:\\\/\\\/www.barcelonaobertura.com\\\/es\\\/2025\\\/07\\\/el-molino-the-best-music-hall-in-barcelona\\\/#primaryimage\",\"url\":\"https:\\\/\\\/www.barcelonaobertura.com\\\/wp-content\\\/uploads\\\/2025\\\/07\\\/El-Molino_Eliane-Elias_DSC_3336_\u00a9Victor-Parreno-scaled.jpg\",\"contentUrl\":\"https:\\\/\\\/www.barcelonaobertura.com\\\/wp-content\\\/uploads\\\/2025\\\/07\\\/El-Molino_Eliane-Elias_DSC_3336_\u00a9Victor-Parreno-scaled.jpg\",\"width\":2560,\"height\":1703,\"caption\":\"\u00a9 V\u00edctor Parre\u00f1o\"},{\"@type\":\"BreadcrumbList\",\"@id\":\"https:\\\/\\\/www.barcelonaobertura.com\\\/es\\\/2025\\\/07\\\/el-molino-the-best-music-hall-in-barcelona\\\/#breadcrumb\",\"itemListElement\":[{\"@type\":\"ListItem\",\"position\":1,\"name\":\"Home\",\"item\":\"https:\\\/\\\/www.barcelonaobertura.com\\\/es\\\/\"},{\"@type\":\"ListItem\",\"position\":2,\"name\":\"El Molino, el mejor music-hall de Barcelona\"}]},{\"@type\":\"WebSite\",\"@id\":\"https:\\\/\\\/www.barcelonaobertura.com\\\/es\\\/#website\",\"url\":\"https:\\\/\\\/www.barcelonaobertura.com\\\/es\\\/\",\"name\":\"Barcelona Obertura\",\"description\":\"Come for the music, Stay for the rest\",\"potentialAction\":[{\"@type\":\"SearchAction\",\"target\":{\"@type\":\"EntryPoint\",\"urlTemplate\":\"https:\\\/\\\/www.barcelonaobertura.com\\\/es\\\/?s={search_term_string}\"},\"query-input\":{\"@type\":\"PropertyValueSpecification\",\"valueRequired\":true,\"valueName\":\"search_term_string\"}}],\"inLanguage\":\"es\"},{\"@type\":\"Person\",\"@id\":\"https:\\\/\\\/www.barcelonaobertura.com\\\/es\\\/#\\\/schema\\\/person\\\/31d9a948e0eab5c30c0e332afea7aab9\",\"name\":\"Laura N\u00fa\u00f1ez\",\"image\":{\"@type\":\"ImageObject\",\"inLanguage\":\"es\",\"@id\":\"https:\\\/\\\/secure.gravatar.com\\\/avatar\\\/0cd2199764e97045b425c74a4f57757f147c2088a2eec4837f5605cff5eb0cb1?s=96&d=mm&r=g\",\"url\":\"https:\\\/\\\/secure.gravatar.com\\\/avatar\\\/0cd2199764e97045b425c74a4f57757f147c2088a2eec4837f5605cff5eb0cb1?s=96&d=mm&r=g\",\"contentUrl\":\"https:\\\/\\\/secure.gravatar.com\\\/avatar\\\/0cd2199764e97045b425c74a4f57757f147c2088a2eec4837f5605cff5eb0cb1?s=96&d=mm&r=g\",\"caption\":\"Laura N\u00fa\u00f1ez\"},\"url\":\"https:\\\/\\\/www.barcelonaobertura.com\\\/es\\\/author\\\/laura\\\/\"}]}<\/script>\n<!-- \/ Yoast SEO plugin. -->","yoast_head_json":{"title":"El Molino, el mejor music-hall de Barcelona - Barcelona Obertura","description":"El Molino, Paral\u00b7lel\u2019s historic music, has reopened its doors to recover the spirit of an icon of the Barcelona night.","robots":{"index":"index","follow":"follow","max-snippet":"max-snippet:-1","max-image-preview":"max-image-preview:large","max-video-preview":"max-video-preview:-1"},"canonical":"https:\/\/www.barcelonaobertura.com\/es\/2025\/07\/el-molino-the-best-music-hall-in-barcelona\/","og_locale":"es_ES","og_type":"article","og_title":"El Molino, el mejor music-hall de Barcelona - Barcelona Obertura","og_description":"El Molino, Paral\u00b7lel\u2019s historic music, has reopened its doors to recover the spirit of an icon of the Barcelona night.","og_url":"https:\/\/www.barcelonaobertura.com\/es\/2025\/07\/el-molino-the-best-music-hall-in-barcelona\/","og_site_name":"Barcelona Obertura","article_published_time":"2025-07-23T20:52:21+00:00","article_modified_time":"2025-10-17T11:19:52+00:00","og_image":[{"width":2560,"height":1703,"url":"https:\/\/www.barcelonaobertura.com\/wp-content\/uploads\/2025\/07\/El-Molino_Eliane-Elias_DSC_3336_\u00a9Victor-Parreno-scaled.jpg","type":"image\/jpeg"}],"author":"Laura N\u00fa\u00f1ez","twitter_card":"summary_large_image","twitter_misc":{"Escrito por":"Laura N\u00fa\u00f1ez","Tiempo de lectura":"5 minutos"},"schema":{"@context":"https:\/\/schema.org","@graph":[{"@type":"Article","@id":"https:\/\/www.barcelonaobertura.com\/es\/2025\/07\/el-molino-the-best-music-hall-in-barcelona\/#article","isPartOf":{"@id":"https:\/\/www.barcelonaobertura.com\/es\/2025\/07\/el-molino-the-best-music-hall-in-barcelona\/"},"author":{"name":"Laura N\u00fa\u00f1ez","@id":"https:\/\/www.barcelonaobertura.com\/es\/#\/schema\/person\/31d9a948e0eab5c30c0e332afea7aab9"},"headline":"El Molino, el mejor music-hall de Barcelona","datePublished":"2025-07-23T20:52:21+00:00","dateModified":"2025-10-17T11:19:52+00:00","mainEntityOfPage":{"@id":"https:\/\/www.barcelonaobertura.com\/es\/2025\/07\/el-molino-the-best-music-hall-in-barcelona\/"},"wordCount":964,"commentCount":0,"image":{"@id":"https:\/\/www.barcelonaobertura.com\/es\/2025\/07\/el-molino-the-best-music-hall-in-barcelona\/#primaryimage"},"thumbnailUrl":"https:\/\/www.barcelonaobertura.com\/wp-content\/uploads\/2025\/07\/El-Molino_Eliane-Elias_DSC_3336_\u00a9Victor-Parreno-scaled.jpg","keywords":["Hotspots"],"articleSection":["Sin categorizar"],"inLanguage":"es","potentialAction":[{"@type":"CommentAction","name":"Comment","target":["https:\/\/www.barcelonaobertura.com\/es\/2025\/07\/el-molino-the-best-music-hall-in-barcelona\/#respond"]}]},{"@type":"WebPage","@id":"https:\/\/www.barcelonaobertura.com\/es\/2025\/07\/el-molino-the-best-music-hall-in-barcelona\/","url":"https:\/\/www.barcelonaobertura.com\/es\/2025\/07\/el-molino-the-best-music-hall-in-barcelona\/","name":"El Molino, el mejor music-hall de Barcelona - Barcelona Obertura","isPartOf":{"@id":"https:\/\/www.barcelonaobertura.com\/es\/#website"},"primaryImageOfPage":{"@id":"https:\/\/www.barcelonaobertura.com\/es\/2025\/07\/el-molino-the-best-music-hall-in-barcelona\/#primaryimage"},"image":{"@id":"https:\/\/www.barcelonaobertura.com\/es\/2025\/07\/el-molino-the-best-music-hall-in-barcelona\/#primaryimage"},"thumbnailUrl":"https:\/\/www.barcelonaobertura.com\/wp-content\/uploads\/2025\/07\/El-Molino_Eliane-Elias_DSC_3336_\u00a9Victor-Parreno-scaled.jpg","datePublished":"2025-07-23T20:52:21+00:00","dateModified":"2025-10-17T11:19:52+00:00","author":{"@id":"https:\/\/www.barcelonaobertura.com\/es\/#\/schema\/person\/31d9a948e0eab5c30c0e332afea7aab9"},"description":"El Molino, Paral\u00b7lel\u2019s historic music, has reopened its doors to recover the spirit of an icon of the Barcelona night.","breadcrumb":{"@id":"https:\/\/www.barcelonaobertura.com\/es\/2025\/07\/el-molino-the-best-music-hall-in-barcelona\/#breadcrumb"},"inLanguage":"es","potentialAction":[{"@type":"ReadAction","target":["https:\/\/www.barcelonaobertura.com\/es\/2025\/07\/el-molino-the-best-music-hall-in-barcelona\/"]}]},{"@type":"ImageObject","inLanguage":"es","@id":"https:\/\/www.barcelonaobertura.com\/es\/2025\/07\/el-molino-the-best-music-hall-in-barcelona\/#primaryimage","url":"https:\/\/www.barcelonaobertura.com\/wp-content\/uploads\/2025\/07\/El-Molino_Eliane-Elias_DSC_3336_\u00a9Victor-Parreno-scaled.jpg","contentUrl":"https:\/\/www.barcelonaobertura.com\/wp-content\/uploads\/2025\/07\/El-Molino_Eliane-Elias_DSC_3336_\u00a9Victor-Parreno-scaled.jpg","width":2560,"height":1703,"caption":"\u00a9 V\u00edctor Parre\u00f1o"},{"@type":"BreadcrumbList","@id":"https:\/\/www.barcelonaobertura.com\/es\/2025\/07\/el-molino-the-best-music-hall-in-barcelona\/#breadcrumb","itemListElement":[{"@type":"ListItem","position":1,"name":"Home","item":"https:\/\/www.barcelonaobertura.com\/es\/"},{"@type":"ListItem","position":2,"name":"El Molino, el mejor music-hall de Barcelona"}]},{"@type":"WebSite","@id":"https:\/\/www.barcelonaobertura.com\/es\/#website","url":"https:\/\/www.barcelonaobertura.com\/es\/","name":"Barcelona Obertura","description":"Come for the music, Stay for the rest","potentialAction":[{"@type":"SearchAction","target":{"@type":"EntryPoint","urlTemplate":"https:\/\/www.barcelonaobertura.com\/es\/?s={search_term_string}"},"query-input":{"@type":"PropertyValueSpecification","valueRequired":true,"valueName":"search_term_string"}}],"inLanguage":"es"},{"@type":"Person","@id":"https:\/\/www.barcelonaobertura.com\/es\/#\/schema\/person\/31d9a948e0eab5c30c0e332afea7aab9","name":"Laura N\u00fa\u00f1ez","image":{"@type":"ImageObject","inLanguage":"es","@id":"https:\/\/secure.gravatar.com\/avatar\/0cd2199764e97045b425c74a4f57757f147c2088a2eec4837f5605cff5eb0cb1?s=96&d=mm&r=g","url":"https:\/\/secure.gravatar.com\/avatar\/0cd2199764e97045b425c74a4f57757f147c2088a2eec4837f5605cff5eb0cb1?s=96&d=mm&r=g","contentUrl":"https:\/\/secure.gravatar.com\/avatar\/0cd2199764e97045b425c74a4f57757f147c2088a2eec4837f5605cff5eb0cb1?s=96&d=mm&r=g","caption":"Laura N\u00fa\u00f1ez"},"url":"https:\/\/www.barcelonaobertura.com\/es\/author\/laura\/"}]}},"_links":{"self":[{"href":"https:\/\/www.barcelonaobertura.com\/es\/wp-json\/wp\/v2\/posts\/170518","targetHints":{"allow":["GET"]}}],"collection":[{"href":"https:\/\/www.barcelonaobertura.com\/es\/wp-json\/wp\/v2\/posts"}],"about":[{"href":"https:\/\/www.barcelonaobertura.com\/es\/wp-json\/wp\/v2\/types\/post"}],"author":[{"embeddable":true,"href":"https:\/\/www.barcelonaobertura.com\/es\/wp-json\/wp\/v2\/users\/2"}],"replies":[{"embeddable":true,"href":"https:\/\/www.barcelonaobertura.com\/es\/wp-json\/wp\/v2\/comments?post=170518"}],"version-history":[{"count":2,"href":"https:\/\/www.barcelonaobertura.com\/es\/wp-json\/wp\/v2\/posts\/170518\/revisions"}],"predecessor-version":[{"id":170929,"href":"https:\/\/www.barcelonaobertura.com\/es\/wp-json\/wp\/v2\/posts\/170518\/revisions\/170929"}],"wp:featuredmedia":[{"embeddable":true,"href":"https:\/\/www.barcelonaobertura.com\/es\/wp-json\/wp\/v2\/media\/170514"}],"wp:attachment":[{"href":"https:\/\/www.barcelonaobertura.com\/es\/wp-json\/wp\/v2\/media?parent=170518"}],"wp:term":[{"taxonomy":"category","embeddable":true,"href":"https:\/\/www.barcelonaobertura.com\/es\/wp-json\/wp\/v2\/categories?post=170518"},{"taxonomy":"post_tag","embeddable":true,"href":"https:\/\/www.barcelonaobertura.com\/es\/wp-json\/wp\/v2\/tags?post=170518"}],"curies":[{"name":"wp","href":"https:\/\/api.w.org\/{rel}","templated":true}]}}