{"id":171156,"date":"2025-11-26T08:34:48","date_gmt":"2025-11-26T08:34:48","guid":{"rendered":"https:\/\/www.barcelonaobertura.com\/2025\/11\/mappings-and-immersive-experiences-at-casa-batllo\/"},"modified":"2025-11-26T08:42:10","modified_gmt":"2025-11-26T08:42:10","slug":"mappings-and-immersive-experiences-at-casa-batllo","status":"publish","type":"post","link":"https:\/\/www.barcelonaobertura.com\/es\/2025\/11\/mappings-and-immersive-experiences-at-casa-batllo\/","title":{"rendered":"Mappings y experiencias inmersivas en la Casa Batll\u00f3"},"content":{"rendered":"\n<p>La Casa Batll\u00f3 es una de las obras m\u00e1s representativas del modernismo catal\u00e1n y uno de los edificios m\u00e1s admirados de Barcelona. Situada en el Passeig de Gr\u00e0cia, esta creaci\u00f3n de Antoni Gaud\u00ed destaca por su fachada ondulante y colorista, inspirada en formas naturales. Construida inicialmente en 1877 por Emilio Sala Cort\u00e9s, fue reformada por Gaud\u00ed entre 1904 y 1906 por encargo de Josep Batll\u00f3, quien concedi\u00f3 al arquitecto plena libertad creativa para transformar el edificio en una pieza \u00fanica dentro del paisaje urbano barcelon\u00e9s.<\/p>\n\n\n\n<p>Esta joya arquitect\u00f3nica no solo atrae la atenci\u00f3n por su singularidad formal, sino tambi\u00e9n por su capacidad de reinventarse. En los \u00faltimos a\u00f1os se ha convertido en un referente en la intersecci\u00f3n entre arte, patrimonio y tecnolog\u00eda gracias a los espect\u00e1culos de <em>mapping<\/em> que proyectan im\u00e1genes en movimiento sobre su fachada. Estas creaciones digitales permiten redescubrir el edificio desde una perspectiva contempor\u00e1nea, estableciendo un di\u00e1logo entre el legado de Gaud\u00ed y las tendencias art\u00edsticas actuales.<\/p>\n\n\n\n<h2 class=\"wp-block-heading\"><strong><strong>La Casa Batll\u00f3 en el siglo XXI<\/strong><\/strong><\/h2>\n\n\n\n<p>El legado de Gaud\u00ed se ha mantenido vivo gracias a la capacidad de reinterpretaci\u00f3n de su obra. La Casa Batll\u00f3 ha sido hist\u00f3ricamente un s\u00edmbolo del modernismo, pero en los \u00faltimos a\u00f1os ha adoptado nuevos lenguajes art\u00edsticos para conectar con el p\u00fablico actual. El <em>mapping<\/em> se ha convertido en una herramienta clave en esta transformaci\u00f3n, incorporando elementos de luz, movimiento e interactividad para dotar al edificio de una nueva dimensi\u00f3n expresiva.<\/p>\n\n\n\n<p>Este tipo de instalaciones permite explicar la historia del edificio desde una perspectiva diferente, utilizando la tecnolog\u00eda como medio para amplificar su narrativa. Adem\u00e1s de poner en valor el patrimonio, estas proyecciones fomentan un di\u00e1logo entre tradici\u00f3n e innovaci\u00f3n, ofreciendo una experiencia inmersiva que acerca la arquitectura de Gaud\u00ed a nuevas generaciones.<\/p>\n\n\n\n<h2 class=\"wp-block-heading\"><strong><strong>El arte digital toma el Passeig de Gr\u00e0cia<\/strong><\/strong><\/h2>\n\n\n\n<p>Cada a\u00f1o, la Casa Batll\u00f3 se convierte en un lienzo sobre el cual artistas internacionales proyectan su visi\u00f3n a trav\u00e9s de espect\u00e1culos de <em>mapping<\/em>. Estas intervenciones lum\u00ednicas han consolidado el edificio como un punto de encuentro entre arquitectura, arte digital y tecnolog\u00eda, creando experiencias \u00fanicas que transforman la percepci\u00f3n de su fachada.<\/p>\n\n\n\n<p>Desde 2023, diversos creadores lo han reimaginado con propuestas innovadoras que han atra\u00eddo a miles de espectadores. Ese a\u00f1o, Refik Anadol present\u00f3 <em>Living Architecture<\/em>, un <em>mapping<\/em> que utilizaba datos clim\u00e1ticos en tiempo real para generar patrones visuales din\u00e1micos que reflejaban la naturaleza cambiante de la ciudad. En 2024, Sof\u00eda Crespo explor\u00f3 la biodiversidad a trav\u00e9s de la inteligencia artificial con <em>Structures of Being<\/em>, una obra que proyectaba formas inspiradas en organismos naturales.<\/p>\n\n\n\n<p>Este 2025, Quayola ha presentado <em>Arborescent<\/em>, una propuesta que transforma la fachada en un paisaje vegetal digital, creando una ilusi\u00f3n de crecimiento y movimiento que fusiona arte y naturaleza. El espect\u00e1culo, que se exhibi\u00f3 en febrero, reuni\u00f3 a m\u00e1s de 110.000 espectadores en el Passeig de Gr\u00e0cia. Su propuesta visual, basada en la simulaci\u00f3n del crecimiento de \u00e1rboles y estructuras vegetales, ofreci\u00f3 una nueva manera de vivir la arquitectura, resaltando el di\u00e1logo entre patrimonio e innovaci\u00f3n.<\/p>\n\n\n\n<h2 class=\"wp-block-heading\"><strong><strong>Una nueva visita inmersiva<\/strong><\/strong><\/h2>\n\n\n\n<p>La casa modernista no solo apuesta por la innovaci\u00f3n en su fachada, sino que ha revolucionado la manera de visitar el edificio con una experiencia inmersiva \u00fanica en el mundo. A trav\u00e9s de tecnolog\u00edas como la realidad aumentada, la inteligencia artificial y la proyecci\u00f3n volum\u00e9trica, invita a sumergirse en el universo de Gaud\u00ed mediante los cinco sentidos. Este nuevo recorrido incluye 2.000 m\u00b2 de espacios in\u00e9ditos, nuevos relatos en 15 idiomas y una banda sonora interpretada por miembros de la Filarm\u00f3nica de Berl\u00edn.<\/p>\n\n\n\n<p>Entre las propuestas m\u00e1s destacadas se encuentra el <em>Gaud\u00ed D\u00f4me<\/em>, una sala inmersiva con m\u00e1s de 1.000 pantallas que recrea la infancia y las fuentes de inspiraci\u00f3n del arquitecto a trav\u00e9s de im\u00e1genes y sonidos naturales. Adem\u00e1s, el <em>Gaud\u00ed Cube<\/em>, obra de Refik Anadol, ofrece la posibilidad de entrar simb\u00f3licamente en la mente de Gaud\u00ed gracias a un cubo LED de seis caras que proyecta im\u00e1genes generadas con inteligencia artificial basadas en sus archivos originales.<\/p>\n\n\n\n<h2 class=\"wp-block-heading\"><strong><strong>Un puente entre generaciones<\/strong><\/strong><\/h2>\n\n\n\n<p>Con estas innovaciones, la Casa Batll\u00f3 se ha convertido en un modelo de c\u00f3mo el patrimonio puede transformarse sin perder su esencia. El <em>mapping<\/em>, la realidad aumentada y los espacios inmersivos han permitido reinterpretar el modernismo, haci\u00e9ndolo m\u00e1s accesible y atractivo para nuevas generaciones. Este esfuerzo ha sido reconocido internacionalmente con premios como el <em>Remarkable Venue Award<\/em> 2021, que la distingui\u00f3 como el mejor monumento del mundo por encima de iconos como la Torre de Londres y el Duomo de Mil\u00e1n.<\/p>\n\n\n\n<p>Adem\u00e1s, el espacio ha demostrado su compromiso con la inclusi\u00f3n y la accesibilidad incorporando a personas neurodivergentes en su equipo de atenci\u00f3n al visitante en colaboraci\u00f3n con Specialisterne. Esta iniciativa refuerza la vocaci\u00f3n de la Casa Batll\u00f3 de ser un espacio abierto y din\u00e1mico, capaz de comunicar su valor hist\u00f3rico mediante experiencias innovadoras.<\/p>\n\n\n\n<p><\/p>\n","protected":false},"excerpt":{"rendered":"<p>El legado de Gaud\u00ed se ha mantenido vivo gracias a la capacidad de reinterpretaci\u00f3n de su obra. La Casa Batll\u00f3 ha sido hist\u00f3ricamente un s\u00edmbolo del modernismo, pero en los \u00faltimos a\u00f1os ha adoptado nuevos lenguajes art\u00edsticos para conectar con el p\u00fablico actual. <\/p>\n","protected":false},"author":2,"featured_media":171153,"comment_status":"open","ping_status":"open","sticky":false,"template":"","format":"standard","meta":{"_acf_changed":false,"footnotes":""},"categories":[228],"tags":[265],"class_list":["post-171156","post","type-post","status-publish","format-standard","has-post-thumbnail","hentry","category-sin-categorizar","tag-hotspots-es"],"acf":[],"yoast_head":"<!-- This site is optimized with the Yoast SEO plugin v27.5 - https:\/\/yoast.com\/product\/yoast-seo-wordpress\/ -->\n<title>Mappings y experiencias inmersivas en la Casa Batll\u00f3 - Barcelona Obertura<\/title>\n<meta name=\"description\" content=\"La Casa Batll\u00f3 es una de las obras m\u00e1s representativas del modernismo catal\u00e1n y uno de los edificios m\u00e1s admirados de Barcelona.\" \/>\n<meta name=\"robots\" content=\"index, follow, max-snippet:-1, max-image-preview:large, max-video-preview:-1\" \/>\n<link rel=\"canonical\" href=\"https:\/\/www.barcelonaobertura.com\/es\/2025\/11\/mappings-and-immersive-experiences-at-casa-batllo\/\" \/>\n<meta property=\"og:locale\" content=\"es_ES\" \/>\n<meta property=\"og:type\" content=\"article\" \/>\n<meta property=\"og:title\" content=\"Mappings y experiencias inmersivas en la Casa Batll\u00f3 - Barcelona Obertura\" \/>\n<meta property=\"og:description\" content=\"La Casa Batll\u00f3 es una de las obras m\u00e1s representativas del modernismo catal\u00e1n y uno de los edificios m\u00e1s admirados de Barcelona.\" \/>\n<meta property=\"og:url\" content=\"https:\/\/www.barcelonaobertura.com\/es\/2025\/11\/mappings-and-immersive-experiences-at-casa-batllo\/\" \/>\n<meta property=\"og:site_name\" content=\"Barcelona Obertura\" \/>\n<meta property=\"article:published_time\" content=\"2025-11-26T08:34:48+00:00\" \/>\n<meta property=\"article:modified_time\" content=\"2025-11-26T08:42:10+00:00\" \/>\n<meta property=\"og:image\" content=\"https:\/\/www.barcelonaobertura.com\/wp-content\/uploads\/2025\/11\/Visita_General_Cub_3-scaled.jpg\" \/>\n\t<meta property=\"og:image:width\" content=\"2560\" \/>\n\t<meta property=\"og:image:height\" content=\"1708\" \/>\n\t<meta property=\"og:image:type\" content=\"image\/jpeg\" \/>\n<meta name=\"author\" content=\"Laura N\u00fa\u00f1ez\" \/>\n<meta name=\"twitter:card\" content=\"summary_large_image\" \/>\n<meta name=\"twitter:label1\" content=\"Escrito por\" \/>\n\t<meta name=\"twitter:data1\" content=\"Laura N\u00fa\u00f1ez\" \/>\n\t<meta name=\"twitter:label2\" content=\"Tiempo de lectura\" \/>\n\t<meta name=\"twitter:data2\" content=\"4 minutos\" \/>\n<script type=\"application\/ld+json\" class=\"yoast-schema-graph\">{\"@context\":\"https:\\\/\\\/schema.org\",\"@graph\":[{\"@type\":\"Article\",\"@id\":\"https:\\\/\\\/www.barcelonaobertura.com\\\/es\\\/2025\\\/11\\\/mappings-and-immersive-experiences-at-casa-batllo\\\/#article\",\"isPartOf\":{\"@id\":\"https:\\\/\\\/www.barcelonaobertura.com\\\/es\\\/2025\\\/11\\\/mappings-and-immersive-experiences-at-casa-batllo\\\/\"},\"author\":{\"name\":\"Laura N\u00fa\u00f1ez\",\"@id\":\"https:\\\/\\\/www.barcelonaobertura.com\\\/es\\\/#\\\/schema\\\/person\\\/31d9a948e0eab5c30c0e332afea7aab9\"},\"headline\":\"Mappings y experiencias inmersivas en la Casa Batll\u00f3\",\"datePublished\":\"2025-11-26T08:34:48+00:00\",\"dateModified\":\"2025-11-26T08:42:10+00:00\",\"mainEntityOfPage\":{\"@id\":\"https:\\\/\\\/www.barcelonaobertura.com\\\/es\\\/2025\\\/11\\\/mappings-and-immersive-experiences-at-casa-batllo\\\/\"},\"wordCount\":875,\"commentCount\":0,\"image\":{\"@id\":\"https:\\\/\\\/www.barcelonaobertura.com\\\/es\\\/2025\\\/11\\\/mappings-and-immersive-experiences-at-casa-batllo\\\/#primaryimage\"},\"thumbnailUrl\":\"https:\\\/\\\/www.barcelonaobertura.com\\\/wp-content\\\/uploads\\\/2025\\\/11\\\/Visita_General_Cub_3-scaled.jpg\",\"keywords\":[\"Hotspots\"],\"articleSection\":[\"Sin categorizar\"],\"inLanguage\":\"es\",\"potentialAction\":[{\"@type\":\"CommentAction\",\"name\":\"Comment\",\"target\":[\"https:\\\/\\\/www.barcelonaobertura.com\\\/es\\\/2025\\\/11\\\/mappings-and-immersive-experiences-at-casa-batllo\\\/#respond\"]}]},{\"@type\":\"WebPage\",\"@id\":\"https:\\\/\\\/www.barcelonaobertura.com\\\/es\\\/2025\\\/11\\\/mappings-and-immersive-experiences-at-casa-batllo\\\/\",\"url\":\"https:\\\/\\\/www.barcelonaobertura.com\\\/es\\\/2025\\\/11\\\/mappings-and-immersive-experiences-at-casa-batllo\\\/\",\"name\":\"Mappings y experiencias inmersivas en la Casa Batll\u00f3 - Barcelona Obertura\",\"isPartOf\":{\"@id\":\"https:\\\/\\\/www.barcelonaobertura.com\\\/es\\\/#website\"},\"primaryImageOfPage\":{\"@id\":\"https:\\\/\\\/www.barcelonaobertura.com\\\/es\\\/2025\\\/11\\\/mappings-and-immersive-experiences-at-casa-batllo\\\/#primaryimage\"},\"image\":{\"@id\":\"https:\\\/\\\/www.barcelonaobertura.com\\\/es\\\/2025\\\/11\\\/mappings-and-immersive-experiences-at-casa-batllo\\\/#primaryimage\"},\"thumbnailUrl\":\"https:\\\/\\\/www.barcelonaobertura.com\\\/wp-content\\\/uploads\\\/2025\\\/11\\\/Visita_General_Cub_3-scaled.jpg\",\"datePublished\":\"2025-11-26T08:34:48+00:00\",\"dateModified\":\"2025-11-26T08:42:10+00:00\",\"author\":{\"@id\":\"https:\\\/\\\/www.barcelonaobertura.com\\\/es\\\/#\\\/schema\\\/person\\\/31d9a948e0eab5c30c0e332afea7aab9\"},\"description\":\"La Casa Batll\u00f3 es una de las obras m\u00e1s representativas del modernismo catal\u00e1n y uno de los edificios m\u00e1s admirados de Barcelona.\",\"breadcrumb\":{\"@id\":\"https:\\\/\\\/www.barcelonaobertura.com\\\/es\\\/2025\\\/11\\\/mappings-and-immersive-experiences-at-casa-batllo\\\/#breadcrumb\"},\"inLanguage\":\"es\",\"potentialAction\":[{\"@type\":\"ReadAction\",\"target\":[\"https:\\\/\\\/www.barcelonaobertura.com\\\/es\\\/2025\\\/11\\\/mappings-and-immersive-experiences-at-casa-batllo\\\/\"]}]},{\"@type\":\"ImageObject\",\"inLanguage\":\"es\",\"@id\":\"https:\\\/\\\/www.barcelonaobertura.com\\\/es\\\/2025\\\/11\\\/mappings-and-immersive-experiences-at-casa-batllo\\\/#primaryimage\",\"url\":\"https:\\\/\\\/www.barcelonaobertura.com\\\/wp-content\\\/uploads\\\/2025\\\/11\\\/Visita_General_Cub_3-scaled.jpg\",\"contentUrl\":\"https:\\\/\\\/www.barcelonaobertura.com\\\/wp-content\\\/uploads\\\/2025\\\/11\\\/Visita_General_Cub_3-scaled.jpg\",\"width\":2560,\"height\":1708},{\"@type\":\"BreadcrumbList\",\"@id\":\"https:\\\/\\\/www.barcelonaobertura.com\\\/es\\\/2025\\\/11\\\/mappings-and-immersive-experiences-at-casa-batllo\\\/#breadcrumb\",\"itemListElement\":[{\"@type\":\"ListItem\",\"position\":1,\"name\":\"Home\",\"item\":\"https:\\\/\\\/www.barcelonaobertura.com\\\/es\\\/\"},{\"@type\":\"ListItem\",\"position\":2,\"name\":\"Mappings y experiencias inmersivas en la Casa Batll\u00f3\"}]},{\"@type\":\"WebSite\",\"@id\":\"https:\\\/\\\/www.barcelonaobertura.com\\\/es\\\/#website\",\"url\":\"https:\\\/\\\/www.barcelonaobertura.com\\\/es\\\/\",\"name\":\"Barcelona Obertura\",\"description\":\"Come for the music, Stay for the rest\",\"potentialAction\":[{\"@type\":\"SearchAction\",\"target\":{\"@type\":\"EntryPoint\",\"urlTemplate\":\"https:\\\/\\\/www.barcelonaobertura.com\\\/es\\\/?s={search_term_string}\"},\"query-input\":{\"@type\":\"PropertyValueSpecification\",\"valueRequired\":true,\"valueName\":\"search_term_string\"}}],\"inLanguage\":\"es\"},{\"@type\":\"Person\",\"@id\":\"https:\\\/\\\/www.barcelonaobertura.com\\\/es\\\/#\\\/schema\\\/person\\\/31d9a948e0eab5c30c0e332afea7aab9\",\"name\":\"Laura N\u00fa\u00f1ez\",\"image\":{\"@type\":\"ImageObject\",\"inLanguage\":\"es\",\"@id\":\"https:\\\/\\\/secure.gravatar.com\\\/avatar\\\/0cd2199764e97045b425c74a4f57757f147c2088a2eec4837f5605cff5eb0cb1?s=96&d=mm&r=g\",\"url\":\"https:\\\/\\\/secure.gravatar.com\\\/avatar\\\/0cd2199764e97045b425c74a4f57757f147c2088a2eec4837f5605cff5eb0cb1?s=96&d=mm&r=g\",\"contentUrl\":\"https:\\\/\\\/secure.gravatar.com\\\/avatar\\\/0cd2199764e97045b425c74a4f57757f147c2088a2eec4837f5605cff5eb0cb1?s=96&d=mm&r=g\",\"caption\":\"Laura N\u00fa\u00f1ez\"},\"url\":\"https:\\\/\\\/www.barcelonaobertura.com\\\/es\\\/author\\\/laura\\\/\"}]}<\/script>\n<!-- \/ Yoast SEO plugin. -->","yoast_head_json":{"title":"Mappings y experiencias inmersivas en la Casa Batll\u00f3 - Barcelona Obertura","description":"La Casa Batll\u00f3 es una de las obras m\u00e1s representativas del modernismo catal\u00e1n y uno de los edificios m\u00e1s admirados de Barcelona.","robots":{"index":"index","follow":"follow","max-snippet":"max-snippet:-1","max-image-preview":"max-image-preview:large","max-video-preview":"max-video-preview:-1"},"canonical":"https:\/\/www.barcelonaobertura.com\/es\/2025\/11\/mappings-and-immersive-experiences-at-casa-batllo\/","og_locale":"es_ES","og_type":"article","og_title":"Mappings y experiencias inmersivas en la Casa Batll\u00f3 - Barcelona Obertura","og_description":"La Casa Batll\u00f3 es una de las obras m\u00e1s representativas del modernismo catal\u00e1n y uno de los edificios m\u00e1s admirados de Barcelona.","og_url":"https:\/\/www.barcelonaobertura.com\/es\/2025\/11\/mappings-and-immersive-experiences-at-casa-batllo\/","og_site_name":"Barcelona Obertura","article_published_time":"2025-11-26T08:34:48+00:00","article_modified_time":"2025-11-26T08:42:10+00:00","og_image":[{"width":2560,"height":1708,"url":"https:\/\/www.barcelonaobertura.com\/wp-content\/uploads\/2025\/11\/Visita_General_Cub_3-scaled.jpg","type":"image\/jpeg"}],"author":"Laura N\u00fa\u00f1ez","twitter_card":"summary_large_image","twitter_misc":{"Escrito por":"Laura N\u00fa\u00f1ez","Tiempo de lectura":"4 minutos"},"schema":{"@context":"https:\/\/schema.org","@graph":[{"@type":"Article","@id":"https:\/\/www.barcelonaobertura.com\/es\/2025\/11\/mappings-and-immersive-experiences-at-casa-batllo\/#article","isPartOf":{"@id":"https:\/\/www.barcelonaobertura.com\/es\/2025\/11\/mappings-and-immersive-experiences-at-casa-batllo\/"},"author":{"name":"Laura N\u00fa\u00f1ez","@id":"https:\/\/www.barcelonaobertura.com\/es\/#\/schema\/person\/31d9a948e0eab5c30c0e332afea7aab9"},"headline":"Mappings y experiencias inmersivas en la Casa Batll\u00f3","datePublished":"2025-11-26T08:34:48+00:00","dateModified":"2025-11-26T08:42:10+00:00","mainEntityOfPage":{"@id":"https:\/\/www.barcelonaobertura.com\/es\/2025\/11\/mappings-and-immersive-experiences-at-casa-batllo\/"},"wordCount":875,"commentCount":0,"image":{"@id":"https:\/\/www.barcelonaobertura.com\/es\/2025\/11\/mappings-and-immersive-experiences-at-casa-batllo\/#primaryimage"},"thumbnailUrl":"https:\/\/www.barcelonaobertura.com\/wp-content\/uploads\/2025\/11\/Visita_General_Cub_3-scaled.jpg","keywords":["Hotspots"],"articleSection":["Sin categorizar"],"inLanguage":"es","potentialAction":[{"@type":"CommentAction","name":"Comment","target":["https:\/\/www.barcelonaobertura.com\/es\/2025\/11\/mappings-and-immersive-experiences-at-casa-batllo\/#respond"]}]},{"@type":"WebPage","@id":"https:\/\/www.barcelonaobertura.com\/es\/2025\/11\/mappings-and-immersive-experiences-at-casa-batllo\/","url":"https:\/\/www.barcelonaobertura.com\/es\/2025\/11\/mappings-and-immersive-experiences-at-casa-batllo\/","name":"Mappings y experiencias inmersivas en la Casa Batll\u00f3 - Barcelona Obertura","isPartOf":{"@id":"https:\/\/www.barcelonaobertura.com\/es\/#website"},"primaryImageOfPage":{"@id":"https:\/\/www.barcelonaobertura.com\/es\/2025\/11\/mappings-and-immersive-experiences-at-casa-batllo\/#primaryimage"},"image":{"@id":"https:\/\/www.barcelonaobertura.com\/es\/2025\/11\/mappings-and-immersive-experiences-at-casa-batllo\/#primaryimage"},"thumbnailUrl":"https:\/\/www.barcelonaobertura.com\/wp-content\/uploads\/2025\/11\/Visita_General_Cub_3-scaled.jpg","datePublished":"2025-11-26T08:34:48+00:00","dateModified":"2025-11-26T08:42:10+00:00","author":{"@id":"https:\/\/www.barcelonaobertura.com\/es\/#\/schema\/person\/31d9a948e0eab5c30c0e332afea7aab9"},"description":"La Casa Batll\u00f3 es una de las obras m\u00e1s representativas del modernismo catal\u00e1n y uno de los edificios m\u00e1s admirados de Barcelona.","breadcrumb":{"@id":"https:\/\/www.barcelonaobertura.com\/es\/2025\/11\/mappings-and-immersive-experiences-at-casa-batllo\/#breadcrumb"},"inLanguage":"es","potentialAction":[{"@type":"ReadAction","target":["https:\/\/www.barcelonaobertura.com\/es\/2025\/11\/mappings-and-immersive-experiences-at-casa-batllo\/"]}]},{"@type":"ImageObject","inLanguage":"es","@id":"https:\/\/www.barcelonaobertura.com\/es\/2025\/11\/mappings-and-immersive-experiences-at-casa-batllo\/#primaryimage","url":"https:\/\/www.barcelonaobertura.com\/wp-content\/uploads\/2025\/11\/Visita_General_Cub_3-scaled.jpg","contentUrl":"https:\/\/www.barcelonaobertura.com\/wp-content\/uploads\/2025\/11\/Visita_General_Cub_3-scaled.jpg","width":2560,"height":1708},{"@type":"BreadcrumbList","@id":"https:\/\/www.barcelonaobertura.com\/es\/2025\/11\/mappings-and-immersive-experiences-at-casa-batllo\/#breadcrumb","itemListElement":[{"@type":"ListItem","position":1,"name":"Home","item":"https:\/\/www.barcelonaobertura.com\/es\/"},{"@type":"ListItem","position":2,"name":"Mappings y experiencias inmersivas en la Casa Batll\u00f3"}]},{"@type":"WebSite","@id":"https:\/\/www.barcelonaobertura.com\/es\/#website","url":"https:\/\/www.barcelonaobertura.com\/es\/","name":"Barcelona Obertura","description":"Come for the music, Stay for the rest","potentialAction":[{"@type":"SearchAction","target":{"@type":"EntryPoint","urlTemplate":"https:\/\/www.barcelonaobertura.com\/es\/?s={search_term_string}"},"query-input":{"@type":"PropertyValueSpecification","valueRequired":true,"valueName":"search_term_string"}}],"inLanguage":"es"},{"@type":"Person","@id":"https:\/\/www.barcelonaobertura.com\/es\/#\/schema\/person\/31d9a948e0eab5c30c0e332afea7aab9","name":"Laura N\u00fa\u00f1ez","image":{"@type":"ImageObject","inLanguage":"es","@id":"https:\/\/secure.gravatar.com\/avatar\/0cd2199764e97045b425c74a4f57757f147c2088a2eec4837f5605cff5eb0cb1?s=96&d=mm&r=g","url":"https:\/\/secure.gravatar.com\/avatar\/0cd2199764e97045b425c74a4f57757f147c2088a2eec4837f5605cff5eb0cb1?s=96&d=mm&r=g","contentUrl":"https:\/\/secure.gravatar.com\/avatar\/0cd2199764e97045b425c74a4f57757f147c2088a2eec4837f5605cff5eb0cb1?s=96&d=mm&r=g","caption":"Laura N\u00fa\u00f1ez"},"url":"https:\/\/www.barcelonaobertura.com\/es\/author\/laura\/"}]}},"_links":{"self":[{"href":"https:\/\/www.barcelonaobertura.com\/es\/wp-json\/wp\/v2\/posts\/171156","targetHints":{"allow":["GET"]}}],"collection":[{"href":"https:\/\/www.barcelonaobertura.com\/es\/wp-json\/wp\/v2\/posts"}],"about":[{"href":"https:\/\/www.barcelonaobertura.com\/es\/wp-json\/wp\/v2\/types\/post"}],"author":[{"embeddable":true,"href":"https:\/\/www.barcelonaobertura.com\/es\/wp-json\/wp\/v2\/users\/2"}],"replies":[{"embeddable":true,"href":"https:\/\/www.barcelonaobertura.com\/es\/wp-json\/wp\/v2\/comments?post=171156"}],"version-history":[{"count":3,"href":"https:\/\/www.barcelonaobertura.com\/es\/wp-json\/wp\/v2\/posts\/171156\/revisions"}],"predecessor-version":[{"id":171162,"href":"https:\/\/www.barcelonaobertura.com\/es\/wp-json\/wp\/v2\/posts\/171156\/revisions\/171162"}],"wp:featuredmedia":[{"embeddable":true,"href":"https:\/\/www.barcelonaobertura.com\/es\/wp-json\/wp\/v2\/media\/171153"}],"wp:attachment":[{"href":"https:\/\/www.barcelonaobertura.com\/es\/wp-json\/wp\/v2\/media?parent=171156"}],"wp:term":[{"taxonomy":"category","embeddable":true,"href":"https:\/\/www.barcelonaobertura.com\/es\/wp-json\/wp\/v2\/categories?post=171156"},{"taxonomy":"post_tag","embeddable":true,"href":"https:\/\/www.barcelonaobertura.com\/es\/wp-json\/wp\/v2\/tags?post=171156"}],"curies":[{"name":"wp","href":"https:\/\/api.w.org\/{rel}","templated":true}]}}