{"id":56201,"date":"2023-12-21T11:08:23","date_gmt":"2023-12-21T11:08:23","guid":{"rendered":"https:\/\/www.barcelonaobertura.com\/2023\/12\/a-route-to-discover-the-work-of-lluis-domenech-i-montaner\/"},"modified":"2023-12-22T09:28:25","modified_gmt":"2023-12-22T09:28:25","slug":"a-route-to-discover-the-work-of-lluis-domenech-i-montaner","status":"publish","type":"post","link":"https:\/\/www.barcelonaobertura.com\/es\/2023\/12\/a-route-to-discover-the-work-of-lluis-domenech-i-montaner\/","title":{"rendered":"Una ruta para conocer la obra de Llu\u00eds Dom\u00e8nech i Montaner"},"content":{"rendered":"\n<p>En 2023 se conmemora el centenario de uno de los arquitectos catalanes m\u00e1s influyentes de todos los tiempos: <strong>Llu\u00eds Dom\u00e8nech i Montaner<\/strong>. Su legado perdura como una huella imborrable que abarca un estilo arquitect\u00f3nico nuevo, identitario y nacional que cambi\u00f3 para siempre la fisonom\u00eda de Barcelona. Hasta el 31 de diciembre, adem\u00e1s, la <strong>Ruta Dom\u00e8nech i Montaner<\/strong> te permite disfrutar de un 50% de descuento en la visita a algunas de sus obras m\u00e1s relevantes.&nbsp;<\/p>\n\n\n\n<p>Dom\u00e8nech i Montaner fue mucho m\u00e1s que un arquitecto; fue un pol\u00edtico catal\u00e1n destacado y una figura clave del <strong>Modernismo catal\u00e1n<\/strong>. Nacido en Barcelona el 27 de diciembre de 1849, se consolid\u00f3 como uno de los m\u00e1ximos representantes de este movimiento, dejando un impacto duradero con dos obras magn\u00edficas declaradas Patrimonio Mundial de la Humanidad: el <strong>Palau de la M\u00fasica Catalana<\/strong> y el <strong>Hospital de la Santa Creu i Sant Pau<\/strong>.&nbsp;<\/p>\n\n\n\n<p>Acomp\u00e1\u00f1anos en un fascinante recorrido que se inicia en Barcelona pero que se extiende por ciudades como<strong> Canet de Mar, Reus, Comillas, L\u2019Espluga de Francol\u00ed, Palma, Olot y Tarragona<\/strong>. Descubre la vida y obra de un visionario cuya influencia se expande por toda Espa\u00f1a, en una traves\u00eda que revela la riqueza cultural y arquitect\u00f3nica de este genio del Modernismo.<\/p>\n\n\n\n<p><\/p>\n\n\n\n<h2 class=\"wp-block-heading\"><strong>Romance arquitect\u00f3nico con Barcelona<\/strong><\/h2>\n\n\n\n<p>El genio catal\u00e1n dej\u00f3 una huella imborrable a trav\u00e9s de su destacada contribuci\u00f3n en la capital catalana. Entre sus obras m\u00e1s destacadas, encontrar\u00e1s el<strong> Castell dels Tres Dragons <\/strong>(1887-1888), originalmente concebido como un caf\u00e9-restaurante para la Exposici\u00f3n Universal de 1888, y el <strong>Hotel Espa\u00f1a<\/strong> (1902-1903), que destaca por sus comedores decorados por el pintor Ramon Casas y el escultor Eusebi Arnau, y que hoy en d\u00eda alberga el reconocido restaurante Fonda Espa\u00f1a.&nbsp;<\/p>\n\n\n\n<p>La <strong>Casa Lle\u00f3 i Morera <\/strong>(1905) es otra joya que te impresionar\u00e1 con un estilo floral y una exquisita decoraci\u00f3n interior. Es conocida por ser un \u201cPalau de la M\u00fasica a escala familiar\u201d y, por eso mismo, te recomendamos visitarla antes de algunos de los conciertos que se organizan en la casa madre. Entre ellos, destaca el de piano de <a href=\"https:\/\/www.barcelonaobertura.com\/es\/concert\/andras-schiff-piano\/\"><strong>Andr\u00e1s Schiff<\/strong><\/a><strong> <\/strong>(9\/2\/2024) y la versi\u00f3n de <a href=\"https:\/\/www.barcelonaobertura.com\/es\/concert\/rinaldo-by-handel-concert-version\/\"><strong><em>Rinaldo<\/em><\/strong><strong> de H\u00e4ndel<\/strong><\/a><strong> <\/strong>(6\/2\/2024).<\/p>\n\n\n\n<p>En el coraz\u00f3n de la ciudad, tambi\u00e9n encontrar\u00e1s la <strong>Editorial Montaner i Sim\u00f3n<\/strong>, ahora sede de la Fundaci\u00f3n Antoni T\u00e0pies; la <strong>Casa Lamadrid<\/strong>, con sus impresionantes elementos esculturales florales; el <strong>Palau Montaner<\/strong>, que alberga la Delegaci\u00f3n del Gobierno de Madrid; la <strong>Casa Thomas<\/strong>, que muestra una fachada con signos neog\u00f3ticos; y la<strong> Casa Fuster<\/strong>, con la que el arquitecto colabor\u00f3 con su hijo Pere.<\/p>\n\n\n\n<p><\/p>\n\n\n\n<h2 class=\"wp-block-heading\"><strong><strong>Canet de Mar, un tesoro del Modernismo catal\u00e1n<\/strong><\/strong><\/h2>\n\n\n\n<p>La localidad costera alberga una extraordinaria concentraci\u00f3n de obras arquitect\u00f3nicas. Las ra\u00edces de Dom\u00e8nech i Montaner en Canet de Mar se remontan al siglo XVII, evidenciadas por la documentaci\u00f3n de la familia materna y su relaci\u00f3n con los Roura. La<strong> Casa Museo Llu\u00eds Dom\u00e8nech i Montaner<\/strong>, en la antigua mas\u00eda Rocosa, es testigo de la profunda conexi\u00f3n del arquitecto con este lugar.&nbsp;<\/p>\n\n\n\n<p>No dudes en visitar el <strong>Ateneu de Canet<\/strong>, con formas vegetales y elementos artesanales, y la <strong>Casa Roura<\/strong>, residencia de verano con inspiraci\u00f3n medieval. No te pierdas el majestuoso <strong>Castell de Santa Florentina<\/strong>, que revela una impresionante cripta. Otros espacios destacados incluyen el almac\u00e9n y despachos de la <strong>F\u00e0brica Jover, Serra i Cia<\/strong>, que destacan por su arquitectura funcional.&nbsp;<\/p>\n\n\n\n<p>La ruta culmina con la <strong>Casa Dom\u00e8nech<\/strong>, reforma integral de la casa familiar, que cuenta con una tribuna g\u00f3tica y aberturas decoradas con cer\u00e1mica floral. Por \u00faltimo, puedes acercarte a los<strong> panteones del cementerio municipal <\/strong>para apreciar la l\u00e1pida dise\u00f1ada para su hijo. Aprovecha la visita para pasear por la playa de Canet, que cuenta con dos kil\u00f3metros de longitud, y comer un buen arroz con bogavante con vistas al mar.<\/p>\n\n\n\n<p><\/p>\n\n\n\n<h2 class=\"wp-block-heading\"><strong><strong>De Reus a Tarragona pasando por L&#8217;Espluga de Francol\u00ed<\/strong><\/strong><\/h2>\n\n\n\n<p>Dom\u00e8nech i Montaner estableci\u00f3 amistades duraderas en Reus, donde algunos amigos le encargaron la construcci\u00f3n de sus viviendas. Destaca especialmente la <strong>Casa Nav\u00e0s<\/strong>, construida entre 1901 y 1908, una de las pocas residencias modernistas en Europa que ha llegado intacta hasta el d\u00eda de hoy. Otro punto de inter\u00e9s es la <strong>Mansana de la Disc\u00f2rdia<\/strong>, donde destacan la Casa Rull y la Casa Gasull.&nbsp;<\/p>\n\n\n\n<p>El <strong>Instituto Pere Mata<\/strong>, construido entre 1898 y 1922, es otro conjunto monumental que no te puedes perder, y que sirve como precedente del Hospital de la Santa Creu i Sant Pau en Barcelona. Dedicado a pacientes mentales, refleja la preocupaci\u00f3n del arquitecto por el <strong>bienestar de los enfermos<\/strong>, incluso camuflando elementos de seguridad en la estructura. Antes de irte, no dudes en probar el vermut local y el postre artesano a base de almendras <em>menjablanc<\/em>.\u00a0<\/p>\n\n\n\n<p>En la ciudad de Tarragona, que vio nacer a arquitectos modernistas como Josep M. Jujol y Josep M. Pujol de Barber\u00e0, destaca el <strong>Mausoleo de Jaume I <\/strong>(1909). Esta obra rinde homenaje al monarca y muestra un gran simbolismo, a la vez que hace referencia al Monestir de Poblet. Muy cerca de esta edificaci\u00f3n, en L&#8217;Espluga de Francol\u00ed, tambi\u00e9n puedes visitar el <strong>Celler Cooperatiu<\/strong> (1913), que se inspira en el g\u00f3tico catal\u00e1n.<\/p>\n\n\n\n<p><\/p>\n\n\n\n<figure class=\"wp-block-image size-large\"><img loading=\"lazy\" decoding=\"async\" width=\"1024\" height=\"757\" src=\"https:\/\/www.barcelonaobertura.com\/wp-content\/uploads\/2023\/12\/casanavasreus2-1024x757.jpg\" alt=\"\" class=\"wp-image-56196\" srcset=\"https:\/\/www.barcelonaobertura.com\/wp-content\/uploads\/2023\/12\/casanavasreus2-1024x757.jpg 1024w, https:\/\/www.barcelonaobertura.com\/wp-content\/uploads\/2023\/12\/casanavasreus2-300x222.jpg 300w, https:\/\/www.barcelonaobertura.com\/wp-content\/uploads\/2023\/12\/casanavasreus2-768x568.jpg 768w, https:\/\/www.barcelonaobertura.com\/wp-content\/uploads\/2023\/12\/casanavasreus2.jpg 1200w\" sizes=\"auto, (max-width: 1024px) 100vw, 1024px\" \/><\/figure>\n\n\n\n<p><\/p>\n\n\n\n<h2 class=\"wp-block-heading\"><strong><strong>De Olot a Palma de Mallorca pasando por Comillas&nbsp;<\/strong><\/strong><\/h2>\n\n\n\n<p>Olot, la capital de La Garrotxa, destaca por su impresionante paisaje volc\u00e1nico y como cuna del movimiento paisaj\u00edstico de la Escuela de Olot, liderada por Joaquim Vayreda i Vila. Aqu\u00ed te recomendamos hacer una parada en la <strong>Casa Sol\u00e0 Morales<\/strong>, que fusiona perfectamente la arquitectura barroca del siglo XVIII con los elementos modernistas del siglo XX.&nbsp;<\/p>\n\n\n\n<p>Un poco m\u00e1s lejos, en la ciudad balear de Palma, puedes sumergirte en el <strong>Gran Hotel<\/strong>, considerado la primera obra modernista local. Construido entre 1901 y 1903, refleja la plenitud arquitect\u00f3nica de Dom\u00e8nech, incorporando innovadores tratamientos de fachadas con elementos medievales. Actualmente, alberga el museo <strong>CaixaForum Palma<\/strong>, en el que encontrar\u00e1s fascinantes exposiciones de arte.&nbsp;<\/p>\n\n\n\n<p>Nuestra ruta culmina en Comillas, Cantabria, donde te maravillar\u00e1s con la <strong>Universidad Pontificia y el cementerio<\/strong>. Aqu\u00ed, nuestro arquitecto lider\u00f3 la segunda fase del Seminario Pontificio de Comillas, consolidando su estructura y realizando reformas decorativas. <\/p>\n\n\n\n<p>El Cementerio Municipal, por su parte, presenta una monumental portalada y esculturas tan impactantes como el &#8216;\u00c1ngel Exterminador&#8217; de Josep Llimona. Y es que, si algo hemos aprendido durante la ruta, es que el modernismo de Dom\u00e8nech i Montaner esconde tantas capas e historias como sorpresas por descubrir.\u00a0<\/p>\n\n\n\n<p><\/p>\n\n\n\n<figure class=\"wp-block-image size-large\"><img loading=\"lazy\" decoding=\"async\" width=\"1024\" height=\"684\" src=\"https:\/\/www.barcelonaobertura.com\/wp-content\/uploads\/2023\/12\/Espacio_comillas_02-1024x684.jpg\" alt=\"\" class=\"wp-image-56193\" srcset=\"https:\/\/www.barcelonaobertura.com\/wp-content\/uploads\/2023\/12\/Espacio_comillas_02-1024x684.jpg 1024w, https:\/\/www.barcelonaobertura.com\/wp-content\/uploads\/2023\/12\/Espacio_comillas_02-300x200.jpg 300w, https:\/\/www.barcelonaobertura.com\/wp-content\/uploads\/2023\/12\/Espacio_comillas_02-768x513.jpg 768w, https:\/\/www.barcelonaobertura.com\/wp-content\/uploads\/2023\/12\/Espacio_comillas_02.jpg 1320w\" sizes=\"auto, (max-width: 1024px) 100vw, 1024px\" \/><\/figure>\n","protected":false},"excerpt":{"rendered":"<p>El legado de Llu\u00eds Dom\u00e8nech i Muntaner perdura como una huella imborrable que abarca un estilo arquitect\u00f3nico nuevo, identitario y nacional que cambi\u00f3 para siempre la fisonom\u00eda de Barcelona. <\/p>\n","protected":false},"author":2,"featured_media":56192,"comment_status":"open","ping_status":"open","sticky":false,"template":"","format":"standard","meta":{"_acf_changed":false,"footnotes":""},"categories":[228],"tags":[265],"class_list":["post-56201","post","type-post","status-publish","format-standard","has-post-thumbnail","hentry","category-sin-categorizar","tag-hotspots-es"],"acf":[],"yoast_head":"<!-- This site is optimized with the Yoast SEO plugin v27.5 - https:\/\/yoast.com\/product\/yoast-seo-wordpress\/ -->\n<title>Una ruta para conocer la obra de Llu\u00eds Dom\u00e8nech i Montaner | BO<\/title>\n<meta name=\"description\" content=\"El legado de Dom\u00e8nech i Muntaner perdura como una huella imborrable que abarca un estilo arquitect\u00f3nico nuevo, identitario y nacional que cambi\u00f3 para siempre la fisonom\u00eda de Barcelona.\" \/>\n<meta name=\"robots\" content=\"index, follow, max-snippet:-1, max-image-preview:large, max-video-preview:-1\" \/>\n<link rel=\"canonical\" href=\"https:\/\/www.barcelonaobertura.com\/es\/2023\/12\/a-route-to-discover-the-work-of-lluis-domenech-i-montaner\/\" \/>\n<meta property=\"og:locale\" content=\"es_ES\" \/>\n<meta property=\"og:type\" content=\"article\" \/>\n<meta property=\"og:title\" content=\"Una ruta para conocer la obra de Llu\u00eds Dom\u00e8nech i Montaner | BO\" \/>\n<meta property=\"og:description\" content=\"El legado de Dom\u00e8nech i Muntaner perdura como una huella imborrable que abarca un estilo arquitect\u00f3nico nuevo, identitario y nacional que cambi\u00f3 para siempre la fisonom\u00eda de Barcelona.\" \/>\n<meta property=\"og:url\" content=\"https:\/\/www.barcelonaobertura.com\/es\/2023\/12\/a-route-to-discover-the-work-of-lluis-domenech-i-montaner\/\" \/>\n<meta property=\"og:site_name\" content=\"Barcelona Obertura\" \/>\n<meta property=\"article:published_time\" content=\"2023-12-21T11:08:23+00:00\" \/>\n<meta property=\"article:modified_time\" content=\"2023-12-22T09:28:25+00:00\" \/>\n<meta property=\"og:image\" content=\"https:\/\/www.barcelonaobertura.com\/wp-content\/uploads\/2023\/12\/credit-AlbertSarda_OriolHeras-castell-dels-Tres-Dragons-scaled.jpg\" \/>\n\t<meta property=\"og:image:width\" content=\"2560\" \/>\n\t<meta property=\"og:image:height\" content=\"1924\" \/>\n\t<meta property=\"og:image:type\" content=\"image\/jpeg\" \/>\n<meta name=\"author\" content=\"Laura N\u00fa\u00f1ez\" \/>\n<meta name=\"twitter:card\" content=\"summary_large_image\" \/>\n<meta name=\"twitter:label1\" content=\"Escrito por\" \/>\n\t<meta name=\"twitter:data1\" content=\"Laura N\u00fa\u00f1ez\" \/>\n\t<meta name=\"twitter:label2\" content=\"Tiempo de lectura\" \/>\n\t<meta name=\"twitter:data2\" content=\"6 minutos\" \/>\n<script type=\"application\/ld+json\" class=\"yoast-schema-graph\">{\"@context\":\"https:\\\/\\\/schema.org\",\"@graph\":[{\"@type\":\"Article\",\"@id\":\"https:\\\/\\\/www.barcelonaobertura.com\\\/es\\\/2023\\\/12\\\/a-route-to-discover-the-work-of-lluis-domenech-i-montaner\\\/#article\",\"isPartOf\":{\"@id\":\"https:\\\/\\\/www.barcelonaobertura.com\\\/es\\\/2023\\\/12\\\/a-route-to-discover-the-work-of-lluis-domenech-i-montaner\\\/\"},\"author\":{\"name\":\"Laura N\u00fa\u00f1ez\",\"@id\":\"https:\\\/\\\/www.barcelonaobertura.com\\\/es\\\/#\\\/schema\\\/person\\\/31d9a948e0eab5c30c0e332afea7aab9\"},\"headline\":\"Una ruta para conocer la obra de Llu\u00eds Dom\u00e8nech i Montaner\",\"datePublished\":\"2023-12-21T11:08:23+00:00\",\"dateModified\":\"2023-12-22T09:28:25+00:00\",\"mainEntityOfPage\":{\"@id\":\"https:\\\/\\\/www.barcelonaobertura.com\\\/es\\\/2023\\\/12\\\/a-route-to-discover-the-work-of-lluis-domenech-i-montaner\\\/\"},\"wordCount\":1131,\"commentCount\":0,\"image\":{\"@id\":\"https:\\\/\\\/www.barcelonaobertura.com\\\/es\\\/2023\\\/12\\\/a-route-to-discover-the-work-of-lluis-domenech-i-montaner\\\/#primaryimage\"},\"thumbnailUrl\":\"https:\\\/\\\/www.barcelonaobertura.com\\\/wp-content\\\/uploads\\\/2023\\\/12\\\/credit-AlbertSarda_OriolHeras-castell-dels-Tres-Dragons-scaled.jpg\",\"keywords\":[\"Hotspots\"],\"articleSection\":[\"Sin categorizar\"],\"inLanguage\":\"es\",\"potentialAction\":[{\"@type\":\"CommentAction\",\"name\":\"Comment\",\"target\":[\"https:\\\/\\\/www.barcelonaobertura.com\\\/es\\\/2023\\\/12\\\/a-route-to-discover-the-work-of-lluis-domenech-i-montaner\\\/#respond\"]}]},{\"@type\":\"WebPage\",\"@id\":\"https:\\\/\\\/www.barcelonaobertura.com\\\/es\\\/2023\\\/12\\\/a-route-to-discover-the-work-of-lluis-domenech-i-montaner\\\/\",\"url\":\"https:\\\/\\\/www.barcelonaobertura.com\\\/es\\\/2023\\\/12\\\/a-route-to-discover-the-work-of-lluis-domenech-i-montaner\\\/\",\"name\":\"Una ruta para conocer la obra de Llu\u00eds Dom\u00e8nech i Montaner | BO\",\"isPartOf\":{\"@id\":\"https:\\\/\\\/www.barcelonaobertura.com\\\/es\\\/#website\"},\"primaryImageOfPage\":{\"@id\":\"https:\\\/\\\/www.barcelonaobertura.com\\\/es\\\/2023\\\/12\\\/a-route-to-discover-the-work-of-lluis-domenech-i-montaner\\\/#primaryimage\"},\"image\":{\"@id\":\"https:\\\/\\\/www.barcelonaobertura.com\\\/es\\\/2023\\\/12\\\/a-route-to-discover-the-work-of-lluis-domenech-i-montaner\\\/#primaryimage\"},\"thumbnailUrl\":\"https:\\\/\\\/www.barcelonaobertura.com\\\/wp-content\\\/uploads\\\/2023\\\/12\\\/credit-AlbertSarda_OriolHeras-castell-dels-Tres-Dragons-scaled.jpg\",\"datePublished\":\"2023-12-21T11:08:23+00:00\",\"dateModified\":\"2023-12-22T09:28:25+00:00\",\"author\":{\"@id\":\"https:\\\/\\\/www.barcelonaobertura.com\\\/es\\\/#\\\/schema\\\/person\\\/31d9a948e0eab5c30c0e332afea7aab9\"},\"description\":\"El legado de Dom\u00e8nech i Muntaner perdura como una huella imborrable que abarca un estilo arquitect\u00f3nico nuevo, identitario y nacional que cambi\u00f3 para siempre la fisonom\u00eda de Barcelona.\",\"breadcrumb\":{\"@id\":\"https:\\\/\\\/www.barcelonaobertura.com\\\/es\\\/2023\\\/12\\\/a-route-to-discover-the-work-of-lluis-domenech-i-montaner\\\/#breadcrumb\"},\"inLanguage\":\"es\",\"potentialAction\":[{\"@type\":\"ReadAction\",\"target\":[\"https:\\\/\\\/www.barcelonaobertura.com\\\/es\\\/2023\\\/12\\\/a-route-to-discover-the-work-of-lluis-domenech-i-montaner\\\/\"]}]},{\"@type\":\"ImageObject\",\"inLanguage\":\"es\",\"@id\":\"https:\\\/\\\/www.barcelonaobertura.com\\\/es\\\/2023\\\/12\\\/a-route-to-discover-the-work-of-lluis-domenech-i-montaner\\\/#primaryimage\",\"url\":\"https:\\\/\\\/www.barcelonaobertura.com\\\/wp-content\\\/uploads\\\/2023\\\/12\\\/credit-AlbertSarda_OriolHeras-castell-dels-Tres-Dragons-scaled.jpg\",\"contentUrl\":\"https:\\\/\\\/www.barcelonaobertura.com\\\/wp-content\\\/uploads\\\/2023\\\/12\\\/credit-AlbertSarda_OriolHeras-castell-dels-Tres-Dragons-scaled.jpg\",\"width\":2560,\"height\":1924,\"caption\":\"Castell dels Tres Dragons - credit AlbertSarda_OriolHeras\"},{\"@type\":\"BreadcrumbList\",\"@id\":\"https:\\\/\\\/www.barcelonaobertura.com\\\/es\\\/2023\\\/12\\\/a-route-to-discover-the-work-of-lluis-domenech-i-montaner\\\/#breadcrumb\",\"itemListElement\":[{\"@type\":\"ListItem\",\"position\":1,\"name\":\"Home\",\"item\":\"https:\\\/\\\/www.barcelonaobertura.com\\\/es\\\/\"},{\"@type\":\"ListItem\",\"position\":2,\"name\":\"Una ruta para conocer la obra de Llu\u00eds Dom\u00e8nech i Montaner\"}]},{\"@type\":\"WebSite\",\"@id\":\"https:\\\/\\\/www.barcelonaobertura.com\\\/es\\\/#website\",\"url\":\"https:\\\/\\\/www.barcelonaobertura.com\\\/es\\\/\",\"name\":\"Barcelona Obertura\",\"description\":\"Come for the music, Stay for the rest\",\"potentialAction\":[{\"@type\":\"SearchAction\",\"target\":{\"@type\":\"EntryPoint\",\"urlTemplate\":\"https:\\\/\\\/www.barcelonaobertura.com\\\/es\\\/?s={search_term_string}\"},\"query-input\":{\"@type\":\"PropertyValueSpecification\",\"valueRequired\":true,\"valueName\":\"search_term_string\"}}],\"inLanguage\":\"es\"},{\"@type\":\"Person\",\"@id\":\"https:\\\/\\\/www.barcelonaobertura.com\\\/es\\\/#\\\/schema\\\/person\\\/31d9a948e0eab5c30c0e332afea7aab9\",\"name\":\"Laura N\u00fa\u00f1ez\",\"image\":{\"@type\":\"ImageObject\",\"inLanguage\":\"es\",\"@id\":\"https:\\\/\\\/secure.gravatar.com\\\/avatar\\\/0cd2199764e97045b425c74a4f57757f147c2088a2eec4837f5605cff5eb0cb1?s=96&d=mm&r=g\",\"url\":\"https:\\\/\\\/secure.gravatar.com\\\/avatar\\\/0cd2199764e97045b425c74a4f57757f147c2088a2eec4837f5605cff5eb0cb1?s=96&d=mm&r=g\",\"contentUrl\":\"https:\\\/\\\/secure.gravatar.com\\\/avatar\\\/0cd2199764e97045b425c74a4f57757f147c2088a2eec4837f5605cff5eb0cb1?s=96&d=mm&r=g\",\"caption\":\"Laura N\u00fa\u00f1ez\"},\"url\":\"https:\\\/\\\/www.barcelonaobertura.com\\\/es\\\/author\\\/laura\\\/\"}]}<\/script>\n<!-- \/ Yoast SEO plugin. -->","yoast_head_json":{"title":"Una ruta para conocer la obra de Llu\u00eds Dom\u00e8nech i Montaner | BO","description":"El legado de Dom\u00e8nech i Muntaner perdura como una huella imborrable que abarca un estilo arquitect\u00f3nico nuevo, identitario y nacional que cambi\u00f3 para siempre la fisonom\u00eda de Barcelona.","robots":{"index":"index","follow":"follow","max-snippet":"max-snippet:-1","max-image-preview":"max-image-preview:large","max-video-preview":"max-video-preview:-1"},"canonical":"https:\/\/www.barcelonaobertura.com\/es\/2023\/12\/a-route-to-discover-the-work-of-lluis-domenech-i-montaner\/","og_locale":"es_ES","og_type":"article","og_title":"Una ruta para conocer la obra de Llu\u00eds Dom\u00e8nech i Montaner | BO","og_description":"El legado de Dom\u00e8nech i Muntaner perdura como una huella imborrable que abarca un estilo arquitect\u00f3nico nuevo, identitario y nacional que cambi\u00f3 para siempre la fisonom\u00eda de Barcelona.","og_url":"https:\/\/www.barcelonaobertura.com\/es\/2023\/12\/a-route-to-discover-the-work-of-lluis-domenech-i-montaner\/","og_site_name":"Barcelona Obertura","article_published_time":"2023-12-21T11:08:23+00:00","article_modified_time":"2023-12-22T09:28:25+00:00","og_image":[{"width":2560,"height":1924,"url":"https:\/\/www.barcelonaobertura.com\/wp-content\/uploads\/2023\/12\/credit-AlbertSarda_OriolHeras-castell-dels-Tres-Dragons-scaled.jpg","type":"image\/jpeg"}],"author":"Laura N\u00fa\u00f1ez","twitter_card":"summary_large_image","twitter_misc":{"Escrito por":"Laura N\u00fa\u00f1ez","Tiempo de lectura":"6 minutos"},"schema":{"@context":"https:\/\/schema.org","@graph":[{"@type":"Article","@id":"https:\/\/www.barcelonaobertura.com\/es\/2023\/12\/a-route-to-discover-the-work-of-lluis-domenech-i-montaner\/#article","isPartOf":{"@id":"https:\/\/www.barcelonaobertura.com\/es\/2023\/12\/a-route-to-discover-the-work-of-lluis-domenech-i-montaner\/"},"author":{"name":"Laura N\u00fa\u00f1ez","@id":"https:\/\/www.barcelonaobertura.com\/es\/#\/schema\/person\/31d9a948e0eab5c30c0e332afea7aab9"},"headline":"Una ruta para conocer la obra de Llu\u00eds Dom\u00e8nech i Montaner","datePublished":"2023-12-21T11:08:23+00:00","dateModified":"2023-12-22T09:28:25+00:00","mainEntityOfPage":{"@id":"https:\/\/www.barcelonaobertura.com\/es\/2023\/12\/a-route-to-discover-the-work-of-lluis-domenech-i-montaner\/"},"wordCount":1131,"commentCount":0,"image":{"@id":"https:\/\/www.barcelonaobertura.com\/es\/2023\/12\/a-route-to-discover-the-work-of-lluis-domenech-i-montaner\/#primaryimage"},"thumbnailUrl":"https:\/\/www.barcelonaobertura.com\/wp-content\/uploads\/2023\/12\/credit-AlbertSarda_OriolHeras-castell-dels-Tres-Dragons-scaled.jpg","keywords":["Hotspots"],"articleSection":["Sin categorizar"],"inLanguage":"es","potentialAction":[{"@type":"CommentAction","name":"Comment","target":["https:\/\/www.barcelonaobertura.com\/es\/2023\/12\/a-route-to-discover-the-work-of-lluis-domenech-i-montaner\/#respond"]}]},{"@type":"WebPage","@id":"https:\/\/www.barcelonaobertura.com\/es\/2023\/12\/a-route-to-discover-the-work-of-lluis-domenech-i-montaner\/","url":"https:\/\/www.barcelonaobertura.com\/es\/2023\/12\/a-route-to-discover-the-work-of-lluis-domenech-i-montaner\/","name":"Una ruta para conocer la obra de Llu\u00eds Dom\u00e8nech i Montaner | BO","isPartOf":{"@id":"https:\/\/www.barcelonaobertura.com\/es\/#website"},"primaryImageOfPage":{"@id":"https:\/\/www.barcelonaobertura.com\/es\/2023\/12\/a-route-to-discover-the-work-of-lluis-domenech-i-montaner\/#primaryimage"},"image":{"@id":"https:\/\/www.barcelonaobertura.com\/es\/2023\/12\/a-route-to-discover-the-work-of-lluis-domenech-i-montaner\/#primaryimage"},"thumbnailUrl":"https:\/\/www.barcelonaobertura.com\/wp-content\/uploads\/2023\/12\/credit-AlbertSarda_OriolHeras-castell-dels-Tres-Dragons-scaled.jpg","datePublished":"2023-12-21T11:08:23+00:00","dateModified":"2023-12-22T09:28:25+00:00","author":{"@id":"https:\/\/www.barcelonaobertura.com\/es\/#\/schema\/person\/31d9a948e0eab5c30c0e332afea7aab9"},"description":"El legado de Dom\u00e8nech i Muntaner perdura como una huella imborrable que abarca un estilo arquitect\u00f3nico nuevo, identitario y nacional que cambi\u00f3 para siempre la fisonom\u00eda de Barcelona.","breadcrumb":{"@id":"https:\/\/www.barcelonaobertura.com\/es\/2023\/12\/a-route-to-discover-the-work-of-lluis-domenech-i-montaner\/#breadcrumb"},"inLanguage":"es","potentialAction":[{"@type":"ReadAction","target":["https:\/\/www.barcelonaobertura.com\/es\/2023\/12\/a-route-to-discover-the-work-of-lluis-domenech-i-montaner\/"]}]},{"@type":"ImageObject","inLanguage":"es","@id":"https:\/\/www.barcelonaobertura.com\/es\/2023\/12\/a-route-to-discover-the-work-of-lluis-domenech-i-montaner\/#primaryimage","url":"https:\/\/www.barcelonaobertura.com\/wp-content\/uploads\/2023\/12\/credit-AlbertSarda_OriolHeras-castell-dels-Tres-Dragons-scaled.jpg","contentUrl":"https:\/\/www.barcelonaobertura.com\/wp-content\/uploads\/2023\/12\/credit-AlbertSarda_OriolHeras-castell-dels-Tres-Dragons-scaled.jpg","width":2560,"height":1924,"caption":"Castell dels Tres Dragons - credit AlbertSarda_OriolHeras"},{"@type":"BreadcrumbList","@id":"https:\/\/www.barcelonaobertura.com\/es\/2023\/12\/a-route-to-discover-the-work-of-lluis-domenech-i-montaner\/#breadcrumb","itemListElement":[{"@type":"ListItem","position":1,"name":"Home","item":"https:\/\/www.barcelonaobertura.com\/es\/"},{"@type":"ListItem","position":2,"name":"Una ruta para conocer la obra de Llu\u00eds Dom\u00e8nech i Montaner"}]},{"@type":"WebSite","@id":"https:\/\/www.barcelonaobertura.com\/es\/#website","url":"https:\/\/www.barcelonaobertura.com\/es\/","name":"Barcelona Obertura","description":"Come for the music, Stay for the rest","potentialAction":[{"@type":"SearchAction","target":{"@type":"EntryPoint","urlTemplate":"https:\/\/www.barcelonaobertura.com\/es\/?s={search_term_string}"},"query-input":{"@type":"PropertyValueSpecification","valueRequired":true,"valueName":"search_term_string"}}],"inLanguage":"es"},{"@type":"Person","@id":"https:\/\/www.barcelonaobertura.com\/es\/#\/schema\/person\/31d9a948e0eab5c30c0e332afea7aab9","name":"Laura N\u00fa\u00f1ez","image":{"@type":"ImageObject","inLanguage":"es","@id":"https:\/\/secure.gravatar.com\/avatar\/0cd2199764e97045b425c74a4f57757f147c2088a2eec4837f5605cff5eb0cb1?s=96&d=mm&r=g","url":"https:\/\/secure.gravatar.com\/avatar\/0cd2199764e97045b425c74a4f57757f147c2088a2eec4837f5605cff5eb0cb1?s=96&d=mm&r=g","contentUrl":"https:\/\/secure.gravatar.com\/avatar\/0cd2199764e97045b425c74a4f57757f147c2088a2eec4837f5605cff5eb0cb1?s=96&d=mm&r=g","caption":"Laura N\u00fa\u00f1ez"},"url":"https:\/\/www.barcelonaobertura.com\/es\/author\/laura\/"}]}},"_links":{"self":[{"href":"https:\/\/www.barcelonaobertura.com\/es\/wp-json\/wp\/v2\/posts\/56201","targetHints":{"allow":["GET"]}}],"collection":[{"href":"https:\/\/www.barcelonaobertura.com\/es\/wp-json\/wp\/v2\/posts"}],"about":[{"href":"https:\/\/www.barcelonaobertura.com\/es\/wp-json\/wp\/v2\/types\/post"}],"author":[{"embeddable":true,"href":"https:\/\/www.barcelonaobertura.com\/es\/wp-json\/wp\/v2\/users\/2"}],"replies":[{"embeddable":true,"href":"https:\/\/www.barcelonaobertura.com\/es\/wp-json\/wp\/v2\/comments?post=56201"}],"version-history":[{"count":0,"href":"https:\/\/www.barcelonaobertura.com\/es\/wp-json\/wp\/v2\/posts\/56201\/revisions"}],"wp:featuredmedia":[{"embeddable":true,"href":"https:\/\/www.barcelonaobertura.com\/es\/wp-json\/wp\/v2\/media\/56192"}],"wp:attachment":[{"href":"https:\/\/www.barcelonaobertura.com\/es\/wp-json\/wp\/v2\/media?parent=56201"}],"wp:term":[{"taxonomy":"category","embeddable":true,"href":"https:\/\/www.barcelonaobertura.com\/es\/wp-json\/wp\/v2\/categories?post=56201"},{"taxonomy":"post_tag","embeddable":true,"href":"https:\/\/www.barcelonaobertura.com\/es\/wp-json\/wp\/v2\/tags?post=56201"}],"curies":[{"name":"wp","href":"https:\/\/api.w.org\/{rel}","templated":true}]}}