{"id":7150,"date":"2023-02-13T14:38:05","date_gmt":"2023-02-13T14:38:05","guid":{"rendered":"https:\/\/www.barcelonaobertura.com\/?p=7150"},"modified":"2023-12-19T15:32:59","modified_gmt":"2023-12-19T15:32:59","slug":"barcelona-en-invierno-4-paseos-imprescindibles","status":"publish","type":"post","link":"https:\/\/www.barcelonaobertura.com\/es\/2023\/02\/barcelona-en-invierno-4-paseos-imprescindibles\/","title":{"rendered":"<strong>Barcelona en invierno: 4 paseos imprescindibles<\/strong>"},"content":{"rendered":"\n<p>El invierno de Barcelona es una estaci\u00f3n muy agradable. Con una temperatura media de entre 4\u00ba y 17\u00ba los primeros meses del a\u00f1o suelen ser suaves y muchas ocasiones soleados. Este clima es ideal para organizar paseos aprovechando las horas centrales del d\u00eda.&nbsp; En la ciudad hay numerosas rutas para realizar y hoy te proponemos 4 agradables paseos y un bonus track para realizar estos meses.&nbsp;<\/p>\n\n\n\n<p><strong>Los paseos son especiales y hemos querido vincular cada uno con una m\u00fasica relacionada con el invierno<\/strong>. Ten a punto tu reproductor y <a href=\"https:\/\/open.spotify.com\/playlist\/0lSBJw7BdcCOhQO9XSvDoQ?si=a178244791cb4f3f\"><strong>mira la Playlist para pasear por Barcelona en invierno que hemos preparado<\/strong><\/a>.<\/p>\n\n\n\n<p><\/p>\n\n\n\n<h2 class=\"wp-block-heading\"><strong>Playlist para pasear por Barcelona en invierno<\/strong><\/h2>\n\n\n\n<h3 class=\"wp-block-heading\"><strong>1. Paseo por el Rompeolas<\/strong><\/h3>\n\n\n\n<p>M\u00e1s all\u00e1 del emblem\u00e1tico Hotel W se encuentra <strong>un nuevo lugar de visita frente al mar mediterr\u00e1neo, el paseo de la Escullera.<\/strong> Su construcci\u00f3n se dise\u00f1\u00f3 para proteger la zona de los temporales mar\u00edtimos y durante el siglo XX ha sufrido diferentes remodelaciones. La \u00faltima, ampliando 400 metros el paseo mar\u00edtimo de la Barceloneta. Al final del mismo se encuentran unas gradas donde poder pararse a <strong>contemplar los preciosos atardeceres de invierno<\/strong>.&nbsp;<\/p>\n\n\n\n<p>Para hacer este paseo podr\u00edamos haber elegido un fragmento del <em>Invierno<\/em> de las famosas <em>Cuatro Estaciones<\/em> de Vivaldi, pero era demasiado previsible y hemos apostado por otra obra no tan conocida del compositor. As\u00ed tambi\u00e9n descubrimos repertorio nuevo. Dentro de la misma colecci\u00f3n de conciertos para viol\u00edn se encuentra el n\u00famero 5, llamado <strong><em>La tempestad en el mar<\/em><\/strong>. S\u00f3lo escuchando el primer movimiento podemos notar como Vivaldi escribi\u00f3 este concierto de una manera program\u00e1tica. Es decir, expresando con m\u00fasica un tema sin necesidad de ning\u00fan texto. Lo mismo que sucede con las Cuatro Estaciones, se trata de <strong>recrear elementos de la naturaleza con los sonidos de la orquesta barroca.<\/strong> En este caso, <strong>el ritmo trepidante nos evoca claramente a una tormenta en el mar.<\/strong><\/p>\n\n\n\n<p>Una m\u00fasica ideal para llevar en los auriculares y pararse a observar como rompen las olas en el paseo.<\/p>\n\n\n\n<figure class=\"wp-block-embed is-type-video is-provider-youtube wp-block-embed-youtube wp-embed-aspect-16-9 wp-has-aspect-ratio\"><div class=\"wp-block-embed__wrapper\">\nhttps:\/\/www.youtube.com\/watch?v=P8Ev0JW2hg8&#038;t=13s\n<\/div><\/figure>\n\n\n\n<div style=\"height:34px\" aria-hidden=\"true\" class=\"wp-block-spacer\"><\/div>\n\n\n\n<h3 class=\"wp-block-heading\"><strong>2. Paseo por la Collserola<\/strong><\/h3>\n\n\n\n<p>Si hay alg\u00fan lugar en la ciudad de Barcelona donde <strong>alguna vez en invierno se puede ver la nieve<\/strong>, este es la sierra de la Collserola. Tan solo a 30 minutos en transporte p\u00fablico de la Plaza Catalunya se encuentra <strong>uno de los parques metropolitanos m\u00e1s grandes del mundo<\/strong>. Para elegir entre una de las 239 rutas por la monta\u00f1a, existen planos del ayuntamiento y hasta un centro de atenci\u00f3n al visitante donde se puede consultar toda la informaci\u00f3n. Adem\u00e1s, desde <a href=\"https:\/\/parcnaturalcollserola.cat\/es\/\">la web oficial del parque natural<\/a> se accede al listado de actividades previstas para invierno.&nbsp;<\/p>\n\n\n\n<p>De todas las colinas que forman parte de la Collserola, el punto m\u00e1s alto es <strong>el Tibidabo<\/strong>. Ha sido protagonista de grandes nevadas a lo largo de la historia, cada a\u00f1o como m\u00ednimo una vez podemos disfrutar de la nieve en este lugar.&nbsp;<\/p>\n\n\n\n<p><strong>La m\u00fasica que hemos elegido para pasear por la Collserola en un fr\u00edo d\u00eda de invierno<\/strong> es una obra del compositor impresionista Claude <strong>Debussy.<\/strong> Se trata de una delicada pieza llamada <strong><em>Des Pas sur La Neige<\/em><\/strong><strong> (Huellas en la Nieve).<\/strong> Forma parte del primer libro de Preludios para piano solo. El compositor la escribi\u00f3 entre finales de 1909 y principios de 1919. Posiblemente est\u00e1 inspirada en alg\u00fan cuadro de un paisaje nevado habitual en los pintores del impresionismo como Claude Monet o Alfred Sisley.<\/p>\n\n\n\n<p>La calma de la pieza y el ritmo constante de dos notas repiti\u00e9ndose como si fueran los pasos sobre la nieve nos har\u00e1n disfrutar del paseo con tranquilidad.<\/p>\n\n\n\n<p><\/p>\n\n\n\n<h3 class=\"wp-block-heading\"><strong>3. Paseo por La Rambla Catalunya<\/strong><\/h3>\n\n\n\n<p>Menos tur\u00edstico que la parte final de las Ramblas, el siguiente paseo que os proponemos es un camino por la Rambla de Catalunya (entre la Avenida Diagonal y la Gran V\u00eda). En el centro de la ciudad tambi\u00e9n podemos encontrar espacios naturales y las calles m\u00e1s importantes est\u00e1n flanqueadas por diferentes especies de \u00e1rboles. S\u00f3lo en el distrito del Eixample contamos con m\u00e1s de 21.000 \u00e1rboles. Los m\u00e1s habituales son los plataneros, seguidos por los <em>lledoners<\/em> (almeces) y <strong>los tilos. Ser\u00e1 el \u00e1rbol que nos acompa\u00f1ar\u00e1 en nuestro paseo por la parte alta de La Rambla<\/strong>. Estos \u00e1rboles en concreto llevan en su lugar desde finales del siglo XIX y actualmente hay unos 320 entre la Diagonal y la Plaza de Catalunya. Pertenecen a tres especies diferentes, pero muy parecidas a simple vista: el Tilo de Crimea, el Tilo Europeo y el Tilo Plateado.&nbsp;<\/p>\n\n\n\n<p><strong>Si buscamos una relaci\u00f3n entre el invierno, la m\u00fasica cl\u00e1sica y los tilos, el resultado es una de las canciones del <\/strong><strong><em>Winterreise<\/em><\/strong><strong> (Viaje de Invierno) de Franz Schubert. <\/strong>Todo el ciclo pod\u00e9is a\u00f1adirlo a vuestra playlist para pasear con fr\u00edo por Barcelona, pero la pieza n\u00famero 5 de la colecci\u00f3n es la ideal para este recorrido. Tiene por t\u00edtulo precisamente <strong>\u201cDer Lindenbaum\u201d<\/strong> (El Tilo).&nbsp;<\/p>\n\n\n\n<p>Un joven enamorado, protagonista de toda la historia camina alrededor de un tilo que se encuentra en la entrada de la ciudad. Junto a \u00e9l recuerda momentos nost\u00e1lgicos. Las ramas del \u00e1rbol lo invitan a descansar entre ellas. Es una obra llena del simbolismo habitual de la literatura del romanticismo. Aqu\u00ed tambi\u00e9n pod\u00e9is acceder a <a href=\"http:\/\/www.kareol.es\/obras\/cancionesschubert\/viajedeinvierno\/texto.htm\">la traducci\u00f3n del texto.<\/a>&nbsp;<\/p>\n\n\n\n<figure class=\"wp-block-embed is-type-video is-provider-youtube wp-block-embed-youtube wp-embed-aspect-16-9 wp-has-aspect-ratio\"><div class=\"wp-block-embed__wrapper\">\n<iframe loading=\"lazy\" title=\"Joyce DiDonato, Yannick N\u00e9zet-S\u00e9guin \u2013 Schubert: Winterreise: V. Der Lindenbaum (&quot;The Linden Tree&quot;)\" width=\"500\" height=\"281\" src=\"https:\/\/www.youtube.com\/embed\/iu3cJZ1IrFY?feature=oembed\" frameborder=\"0\" allow=\"accelerometer; autoplay; clipboard-write; encrypted-media; gyroscope; picture-in-picture; web-share\" referrerpolicy=\"strict-origin-when-cross-origin\" allowfullscreen><\/iframe>\n<\/div><\/figure>\n\n\n\n<div style=\"height:35px\" aria-hidden=\"true\" class=\"wp-block-spacer\"><\/div>\n\n\n\n<h3 class=\"wp-block-heading\"><strong>4. Paseo por los jardines del Laberint d\u2019Horta<\/strong><\/h3>\n\n\n\n<p>El Laberint d\u2019Horta es el jard\u00edn m\u00e1s antiguo de la ciudad. Ubicado en el barrio de Horta-Guinard\u00f3 a las faldas de la Collserola. Se empez\u00f3 a dise\u00f1ar en 1794 y la primera fase se finaliz\u00f3 en 1808. El marqu\u00e9s Juan Antonio Desvalls fue el responsable de la creaci\u00f3n del jard\u00edn, encargando al arquitecto italiano Domenico Bagutti en unos terrenos que \u00e9l compr\u00f3 en 1791.<\/p>\n\n\n\n<p><strong>En la actualidad se puede visitar todo el recinto y pasear por el jard\u00edn neocl\u00e1sico del siglo XVIII y por el jard\u00edn rom\u00e1ntico del siglo XIX.<\/strong> Dentro del espacio neocl\u00e1sico se encuentra el famoso laberinto que da nombre al parque.&nbsp;<\/p>\n\n\n\n<p>Nuestra recomendaci\u00f3n de paseo con m\u00fasica cl\u00e1sica nos lleva hasta una obra del compositor Joaqu\u00edn Rodrigo. Se trata de <strong>una peque\u00f1a pieza llamada <\/strong><strong><em>Berceuse de Invierno<\/em><\/strong> que forma parte de la obra <strong><em>M\u00fasica para un jard\u00edn<\/em><\/strong>.&nbsp;<\/p>\n\n\n\n<p>Todo el ciclo se compone de 4 piezas, un preludio y un postludio. Podr\u00edamos decir que se trata de su particular versi\u00f3n de las cuatro estaciones centradas en mostrar el paso de \u00e9stas en un jard\u00edn. El maestro compuso esta obra originalmente como dos canciones de cuna, <strong>Berceuse de oto\u00f1o y Berceuse de primavera<\/strong>. Primero escritas para piano y posteriormente arregladas para orquesta de c\u00e1mara.&nbsp; M\u00e1s tarde, Rodrigo recibi\u00f3 un encargo: escribir la m\u00fasica para un documental sobre el Parque del Retiro de Madrid. En ese momento es cuando a\u00f1adi\u00f3 la <em>Berceuse de verano<\/em> y la <strong><em>Berceuse de Invierno<\/em> que os proponemos como banda sonora al paseo por otro jard\u00edn hist\u00f3rico.<\/strong> Una vez orquestada la obra, cada una de las estaciones se corresponde con uno grupo de instrumentos en concreto. La primavera es representada por los violines, el verano por los violonchelos, el oto\u00f1o por el oboe y el corno ingl\u00e9s y el invierno por el clarinete sobre una trompa.<\/p>\n\n\n\n<div style=\"height:34px\" aria-hidden=\"true\" class=\"wp-block-spacer\"><\/div>\n\n\n\n<figure class=\"wp-block-embed aligncenter is-type-video is-provider-youtube wp-block-embed-youtube wp-embed-aspect-4-3 wp-has-aspect-ratio\"><div class=\"wp-block-embed__wrapper\">\n<iframe loading=\"lazy\" title=\"M\u00fasica para un Jard\u00edn. Berceuse de Invierno\" width=\"500\" height=\"375\" src=\"https:\/\/www.youtube.com\/embed\/6aI0cY6tUU0?feature=oembed\" frameborder=\"0\" allow=\"accelerometer; autoplay; clipboard-write; encrypted-media; gyroscope; picture-in-picture; web-share\" referrerpolicy=\"strict-origin-when-cross-origin\" allowfullscreen><\/iframe>\n<\/div><\/figure>\n\n\n\n<div style=\"height:34px\" aria-hidden=\"true\" class=\"wp-block-spacer\"><\/div>\n\n\n\n<h2 class=\"wp-block-heading\"><strong>Paseo en patines por la pista de hielo del Bar\u00e7a<\/strong>&#8211; <strong>BONUS TRACK  <\/strong><\/h2>\n\n\n\n<p>No pod\u00edamos acabar esta propuesta de paseos relacionados con el invierno con <strong>una propuesta un poco m\u00e1s movida<\/strong>. Nos descalzamos los zapatos y nos enfundamos unos patines de cuchillas para sentirnos m\u00e1s ligeros y poder bailar al ritmo de una danza t\u00edpica de estas fechas como es el Vals.<\/p>\n\n\n\n<p>En Barcelona encontramos diferentes pistas de patinaje sobre hielo durante las fechas navide\u00f1as, pero <strong>durante el resto del invierno podemos acudir a la pista del Bar\u00e7a<\/strong> para dar rienda suelta a nuestra capacidad art\u00edstica o para intentar mantener el equilibrio.&nbsp;<\/p>\n\n\n\n<p>Completando nuestra Playlist y acompa\u00f1ando esta actividad hemos escogido el famoso <strong><em>Vals de los patinadores<\/em><\/strong> del compositor Emile Waldteufel. Por el nombre puede ser que no te suene, pero escuchando la melod\u00eda puede ser que te resulte m\u00e1s familiar. En numerosas ocasiones lo hemos podido escuchar en el tradicional Concierto de A\u00f1o Nuevo de la Filarm\u00f3nica de Viena. Adem\u00e1s la melod\u00eda se ha utilizado en decenas de pel\u00edculas.<\/p>\n\n\n\n<div style=\"height:34px\" aria-hidden=\"true\" class=\"wp-block-spacer\"><\/div>\n\n\n\n<figure class=\"wp-block-embed aligncenter is-type-video is-provider-youtube wp-block-embed-youtube wp-embed-aspect-16-9 wp-has-aspect-ratio\"><div class=\"wp-block-embed__wrapper\">\n<iframe loading=\"lazy\" title=\"Vals Los Patinadores HD.\" width=\"500\" height=\"281\" src=\"https:\/\/www.youtube.com\/embed\/D2-zZcQxUH8?feature=oembed\" frameborder=\"0\" allow=\"accelerometer; autoplay; clipboard-write; encrypted-media; gyroscope; picture-in-picture; web-share\" referrerpolicy=\"strict-origin-when-cross-origin\" allowfullscreen><\/iframe>\n<\/div><\/figure>\n\n\n<div id=\"container-block_6fd36363bafde1a13e53bdd76a760c34\" class=\"wp-block-group wp-block-container\">\n    \n<\/div>\n\n\n<p>Si te ha gustado conocer estos cuatro fant\u00e1sticos paseos por Barcelona y la banda sonora que acompa\u00f1a a cada uno, no te puedes perder el art\u00edculo: <a href=\"https:\/\/www.barcelonaobertura.com\/es\/2023\/01\/el-spotify-del-barcelona-futbol-club\/\"><em>Si el Bar\u00e7a hubiera tenido Spotify desde el principi<\/em><\/a><em>o.<\/em><\/p>\n","protected":false},"excerpt":{"rendered":"<p>El invierno de Barcelona es una estaci\u00f3n muy agradable. Con una temperatura media de entre 4\u00ba y 17\u00ba los primeros meses del a\u00f1o suelen ser suaves y muchas ocasiones soleados. Este clima es ideal para organizar paseos aprovechando las horas centrales del d\u00eda.\u00a0 En la ciudad hay numerosas rutas para realizar y hoy te proponemos 4 agradables paseos y un bonus track para realizar estos meses.\u00a0<\/p>\n","protected":false},"author":1,"featured_media":7176,"comment_status":"open","ping_status":"open","sticky":false,"template":"","format":"standard","meta":{"_acf_changed":false,"footnotes":""},"categories":[228],"tags":[265],"class_list":["post-7150","post","type-post","status-publish","format-standard","has-post-thumbnail","hentry","category-sin-categorizar","tag-hotspots-es"],"acf":[],"yoast_head":"<!-- This site is optimized with the Yoast SEO plugin v27.5 - https:\/\/yoast.com\/product\/yoast-seo-wordpress\/ -->\n<title>Barcelona en invierno: 4 paseos imprescindibles - Barcelona Obertura<\/title>\n<meta name=\"description\" content=\"El invierno de Barcelona es una estaci\u00f3n muy agradable. Este clima es ideal para organizar paseos aprovechando las horas centrales del d\u00eda.\" \/>\n<meta name=\"robots\" content=\"index, follow, max-snippet:-1, max-image-preview:large, max-video-preview:-1\" \/>\n<link rel=\"canonical\" href=\"https:\/\/www.barcelonaobertura.com\/es\/2023\/02\/barcelona-en-invierno-4-paseos-imprescindibles\/\" \/>\n<meta property=\"og:locale\" content=\"es_ES\" \/>\n<meta property=\"og:type\" content=\"article\" \/>\n<meta property=\"og:title\" content=\"Barcelona en invierno: 4 paseos imprescindibles - Barcelona Obertura\" \/>\n<meta property=\"og:description\" content=\"El invierno de Barcelona es una estaci\u00f3n muy agradable. Este clima es ideal para organizar paseos aprovechando las horas centrales del d\u00eda.\" \/>\n<meta property=\"og:url\" content=\"https:\/\/www.barcelonaobertura.com\/es\/2023\/02\/barcelona-en-invierno-4-paseos-imprescindibles\/\" \/>\n<meta property=\"og:site_name\" content=\"Barcelona Obertura\" \/>\n<meta property=\"article:published_time\" content=\"2023-02-13T14:38:05+00:00\" \/>\n<meta property=\"article:modified_time\" content=\"2023-12-19T15:32:59+00:00\" \/>\n<meta property=\"og:image\" content=\"https:\/\/www.barcelonaobertura.com\/wp-content\/uploads\/2023\/02\/4-paseos-imprescindibles-por-barcelon-en-invierno.png\" \/>\n\t<meta property=\"og:image:width\" content=\"800\" \/>\n\t<meta property=\"og:image:height\" content=\"800\" \/>\n\t<meta property=\"og:image:type\" content=\"image\/png\" \/>\n<meta name=\"author\" content=\"obertura\" \/>\n<meta name=\"twitter:card\" content=\"summary_large_image\" \/>\n<meta name=\"twitter:label1\" content=\"Escrito por\" \/>\n\t<meta name=\"twitter:data1\" content=\"obertura\" \/>\n\t<meta name=\"twitter:label2\" content=\"Tiempo de lectura\" \/>\n\t<meta name=\"twitter:data2\" content=\"7 minutos\" \/>\n<script type=\"application\/ld+json\" class=\"yoast-schema-graph\">{\"@context\":\"https:\\\/\\\/schema.org\",\"@graph\":[{\"@type\":\"Article\",\"@id\":\"https:\\\/\\\/www.barcelonaobertura.com\\\/es\\\/2023\\\/02\\\/barcelona-en-invierno-4-paseos-imprescindibles\\\/#article\",\"isPartOf\":{\"@id\":\"https:\\\/\\\/www.barcelonaobertura.com\\\/es\\\/2023\\\/02\\\/barcelona-en-invierno-4-paseos-imprescindibles\\\/\"},\"author\":{\"name\":\"obertura\",\"@id\":\"https:\\\/\\\/www.barcelonaobertura.com\\\/es\\\/#\\\/schema\\\/person\\\/6b92b716fe89e38a3312a330fe5abcd7\"},\"headline\":\"Barcelona en invierno: 4 paseos imprescindibles\",\"datePublished\":\"2023-02-13T14:38:05+00:00\",\"dateModified\":\"2023-12-19T15:32:59+00:00\",\"mainEntityOfPage\":{\"@id\":\"https:\\\/\\\/www.barcelonaobertura.com\\\/es\\\/2023\\\/02\\\/barcelona-en-invierno-4-paseos-imprescindibles\\\/\"},\"wordCount\":1516,\"commentCount\":0,\"image\":{\"@id\":\"https:\\\/\\\/www.barcelonaobertura.com\\\/es\\\/2023\\\/02\\\/barcelona-en-invierno-4-paseos-imprescindibles\\\/#primaryimage\"},\"thumbnailUrl\":\"https:\\\/\\\/www.barcelonaobertura.com\\\/wp-content\\\/uploads\\\/2023\\\/02\\\/4-paseos-imprescindibles-por-barcelon-en-invierno.png\",\"keywords\":[\"Hotspots\"],\"articleSection\":[\"Sin categorizar\"],\"inLanguage\":\"es\",\"potentialAction\":[{\"@type\":\"CommentAction\",\"name\":\"Comment\",\"target\":[\"https:\\\/\\\/www.barcelonaobertura.com\\\/es\\\/2023\\\/02\\\/barcelona-en-invierno-4-paseos-imprescindibles\\\/#respond\"]}]},{\"@type\":\"WebPage\",\"@id\":\"https:\\\/\\\/www.barcelonaobertura.com\\\/es\\\/2023\\\/02\\\/barcelona-en-invierno-4-paseos-imprescindibles\\\/\",\"url\":\"https:\\\/\\\/www.barcelonaobertura.com\\\/es\\\/2023\\\/02\\\/barcelona-en-invierno-4-paseos-imprescindibles\\\/\",\"name\":\"Barcelona en invierno: 4 paseos imprescindibles - Barcelona Obertura\",\"isPartOf\":{\"@id\":\"https:\\\/\\\/www.barcelonaobertura.com\\\/es\\\/#website\"},\"primaryImageOfPage\":{\"@id\":\"https:\\\/\\\/www.barcelonaobertura.com\\\/es\\\/2023\\\/02\\\/barcelona-en-invierno-4-paseos-imprescindibles\\\/#primaryimage\"},\"image\":{\"@id\":\"https:\\\/\\\/www.barcelonaobertura.com\\\/es\\\/2023\\\/02\\\/barcelona-en-invierno-4-paseos-imprescindibles\\\/#primaryimage\"},\"thumbnailUrl\":\"https:\\\/\\\/www.barcelonaobertura.com\\\/wp-content\\\/uploads\\\/2023\\\/02\\\/4-paseos-imprescindibles-por-barcelon-en-invierno.png\",\"datePublished\":\"2023-02-13T14:38:05+00:00\",\"dateModified\":\"2023-12-19T15:32:59+00:00\",\"author\":{\"@id\":\"https:\\\/\\\/www.barcelonaobertura.com\\\/es\\\/#\\\/schema\\\/person\\\/6b92b716fe89e38a3312a330fe5abcd7\"},\"description\":\"El invierno de Barcelona es una estaci\u00f3n muy agradable. Este clima es ideal para organizar paseos aprovechando las horas centrales del d\u00eda.\",\"breadcrumb\":{\"@id\":\"https:\\\/\\\/www.barcelonaobertura.com\\\/es\\\/2023\\\/02\\\/barcelona-en-invierno-4-paseos-imprescindibles\\\/#breadcrumb\"},\"inLanguage\":\"es\",\"potentialAction\":[{\"@type\":\"ReadAction\",\"target\":[\"https:\\\/\\\/www.barcelonaobertura.com\\\/es\\\/2023\\\/02\\\/barcelona-en-invierno-4-paseos-imprescindibles\\\/\"]}]},{\"@type\":\"ImageObject\",\"inLanguage\":\"es\",\"@id\":\"https:\\\/\\\/www.barcelonaobertura.com\\\/es\\\/2023\\\/02\\\/barcelona-en-invierno-4-paseos-imprescindibles\\\/#primaryimage\",\"url\":\"https:\\\/\\\/www.barcelonaobertura.com\\\/wp-content\\\/uploads\\\/2023\\\/02\\\/4-paseos-imprescindibles-por-barcelon-en-invierno.png\",\"contentUrl\":\"https:\\\/\\\/www.barcelonaobertura.com\\\/wp-content\\\/uploads\\\/2023\\\/02\\\/4-paseos-imprescindibles-por-barcelon-en-invierno.png\",\"width\":800,\"height\":800,\"caption\":\"disfrutar de un paseo imprescindible en invierno por barcelona\"},{\"@type\":\"BreadcrumbList\",\"@id\":\"https:\\\/\\\/www.barcelonaobertura.com\\\/es\\\/2023\\\/02\\\/barcelona-en-invierno-4-paseos-imprescindibles\\\/#breadcrumb\",\"itemListElement\":[{\"@type\":\"ListItem\",\"position\":1,\"name\":\"Home\",\"item\":\"https:\\\/\\\/www.barcelonaobertura.com\\\/es\\\/\"},{\"@type\":\"ListItem\",\"position\":2,\"name\":\"Barcelona en invierno: 4 paseos imprescindibles\"}]},{\"@type\":\"WebSite\",\"@id\":\"https:\\\/\\\/www.barcelonaobertura.com\\\/es\\\/#website\",\"url\":\"https:\\\/\\\/www.barcelonaobertura.com\\\/es\\\/\",\"name\":\"Barcelona Obertura\",\"description\":\"Come for the music, Stay for the rest\",\"potentialAction\":[{\"@type\":\"SearchAction\",\"target\":{\"@type\":\"EntryPoint\",\"urlTemplate\":\"https:\\\/\\\/www.barcelonaobertura.com\\\/es\\\/?s={search_term_string}\"},\"query-input\":{\"@type\":\"PropertyValueSpecification\",\"valueRequired\":true,\"valueName\":\"search_term_string\"}}],\"inLanguage\":\"es\"},{\"@type\":\"Person\",\"@id\":\"https:\\\/\\\/www.barcelonaobertura.com\\\/es\\\/#\\\/schema\\\/person\\\/6b92b716fe89e38a3312a330fe5abcd7\",\"name\":\"obertura\",\"image\":{\"@type\":\"ImageObject\",\"inLanguage\":\"es\",\"@id\":\"https:\\\/\\\/secure.gravatar.com\\\/avatar\\\/cdb98f8ee6dd3af94e558c4f3dc8624465efd9e7d9ab68698f339da9b6a62176?s=96&d=mm&r=g\",\"url\":\"https:\\\/\\\/secure.gravatar.com\\\/avatar\\\/cdb98f8ee6dd3af94e558c4f3dc8624465efd9e7d9ab68698f339da9b6a62176?s=96&d=mm&r=g\",\"contentUrl\":\"https:\\\/\\\/secure.gravatar.com\\\/avatar\\\/cdb98f8ee6dd3af94e558c4f3dc8624465efd9e7d9ab68698f339da9b6a62176?s=96&d=mm&r=g\",\"caption\":\"obertura\"},\"sameAs\":[\"http:\\\/\\\/barcelonaobertura.lamagnetica.net\"],\"url\":\"https:\\\/\\\/www.barcelonaobertura.com\\\/es\\\/author\\\/obertura\\\/\"}]}<\/script>\n<!-- \/ Yoast SEO plugin. -->","yoast_head_json":{"title":"Barcelona en invierno: 4 paseos imprescindibles - Barcelona Obertura","description":"El invierno de Barcelona es una estaci\u00f3n muy agradable. Este clima es ideal para organizar paseos aprovechando las horas centrales del d\u00eda.","robots":{"index":"index","follow":"follow","max-snippet":"max-snippet:-1","max-image-preview":"max-image-preview:large","max-video-preview":"max-video-preview:-1"},"canonical":"https:\/\/www.barcelonaobertura.com\/es\/2023\/02\/barcelona-en-invierno-4-paseos-imprescindibles\/","og_locale":"es_ES","og_type":"article","og_title":"Barcelona en invierno: 4 paseos imprescindibles - Barcelona Obertura","og_description":"El invierno de Barcelona es una estaci\u00f3n muy agradable. Este clima es ideal para organizar paseos aprovechando las horas centrales del d\u00eda.","og_url":"https:\/\/www.barcelonaobertura.com\/es\/2023\/02\/barcelona-en-invierno-4-paseos-imprescindibles\/","og_site_name":"Barcelona Obertura","article_published_time":"2023-02-13T14:38:05+00:00","article_modified_time":"2023-12-19T15:32:59+00:00","og_image":[{"width":800,"height":800,"url":"https:\/\/www.barcelonaobertura.com\/wp-content\/uploads\/2023\/02\/4-paseos-imprescindibles-por-barcelon-en-invierno.png","type":"image\/png"}],"author":"obertura","twitter_card":"summary_large_image","twitter_misc":{"Escrito por":"obertura","Tiempo de lectura":"7 minutos"},"schema":{"@context":"https:\/\/schema.org","@graph":[{"@type":"Article","@id":"https:\/\/www.barcelonaobertura.com\/es\/2023\/02\/barcelona-en-invierno-4-paseos-imprescindibles\/#article","isPartOf":{"@id":"https:\/\/www.barcelonaobertura.com\/es\/2023\/02\/barcelona-en-invierno-4-paseos-imprescindibles\/"},"author":{"name":"obertura","@id":"https:\/\/www.barcelonaobertura.com\/es\/#\/schema\/person\/6b92b716fe89e38a3312a330fe5abcd7"},"headline":"Barcelona en invierno: 4 paseos imprescindibles","datePublished":"2023-02-13T14:38:05+00:00","dateModified":"2023-12-19T15:32:59+00:00","mainEntityOfPage":{"@id":"https:\/\/www.barcelonaobertura.com\/es\/2023\/02\/barcelona-en-invierno-4-paseos-imprescindibles\/"},"wordCount":1516,"commentCount":0,"image":{"@id":"https:\/\/www.barcelonaobertura.com\/es\/2023\/02\/barcelona-en-invierno-4-paseos-imprescindibles\/#primaryimage"},"thumbnailUrl":"https:\/\/www.barcelonaobertura.com\/wp-content\/uploads\/2023\/02\/4-paseos-imprescindibles-por-barcelon-en-invierno.png","keywords":["Hotspots"],"articleSection":["Sin categorizar"],"inLanguage":"es","potentialAction":[{"@type":"CommentAction","name":"Comment","target":["https:\/\/www.barcelonaobertura.com\/es\/2023\/02\/barcelona-en-invierno-4-paseos-imprescindibles\/#respond"]}]},{"@type":"WebPage","@id":"https:\/\/www.barcelonaobertura.com\/es\/2023\/02\/barcelona-en-invierno-4-paseos-imprescindibles\/","url":"https:\/\/www.barcelonaobertura.com\/es\/2023\/02\/barcelona-en-invierno-4-paseos-imprescindibles\/","name":"Barcelona en invierno: 4 paseos imprescindibles - Barcelona Obertura","isPartOf":{"@id":"https:\/\/www.barcelonaobertura.com\/es\/#website"},"primaryImageOfPage":{"@id":"https:\/\/www.barcelonaobertura.com\/es\/2023\/02\/barcelona-en-invierno-4-paseos-imprescindibles\/#primaryimage"},"image":{"@id":"https:\/\/www.barcelonaobertura.com\/es\/2023\/02\/barcelona-en-invierno-4-paseos-imprescindibles\/#primaryimage"},"thumbnailUrl":"https:\/\/www.barcelonaobertura.com\/wp-content\/uploads\/2023\/02\/4-paseos-imprescindibles-por-barcelon-en-invierno.png","datePublished":"2023-02-13T14:38:05+00:00","dateModified":"2023-12-19T15:32:59+00:00","author":{"@id":"https:\/\/www.barcelonaobertura.com\/es\/#\/schema\/person\/6b92b716fe89e38a3312a330fe5abcd7"},"description":"El invierno de Barcelona es una estaci\u00f3n muy agradable. Este clima es ideal para organizar paseos aprovechando las horas centrales del d\u00eda.","breadcrumb":{"@id":"https:\/\/www.barcelonaobertura.com\/es\/2023\/02\/barcelona-en-invierno-4-paseos-imprescindibles\/#breadcrumb"},"inLanguage":"es","potentialAction":[{"@type":"ReadAction","target":["https:\/\/www.barcelonaobertura.com\/es\/2023\/02\/barcelona-en-invierno-4-paseos-imprescindibles\/"]}]},{"@type":"ImageObject","inLanguage":"es","@id":"https:\/\/www.barcelonaobertura.com\/es\/2023\/02\/barcelona-en-invierno-4-paseos-imprescindibles\/#primaryimage","url":"https:\/\/www.barcelonaobertura.com\/wp-content\/uploads\/2023\/02\/4-paseos-imprescindibles-por-barcelon-en-invierno.png","contentUrl":"https:\/\/www.barcelonaobertura.com\/wp-content\/uploads\/2023\/02\/4-paseos-imprescindibles-por-barcelon-en-invierno.png","width":800,"height":800,"caption":"disfrutar de un paseo imprescindible en invierno por barcelona"},{"@type":"BreadcrumbList","@id":"https:\/\/www.barcelonaobertura.com\/es\/2023\/02\/barcelona-en-invierno-4-paseos-imprescindibles\/#breadcrumb","itemListElement":[{"@type":"ListItem","position":1,"name":"Home","item":"https:\/\/www.barcelonaobertura.com\/es\/"},{"@type":"ListItem","position":2,"name":"Barcelona en invierno: 4 paseos imprescindibles"}]},{"@type":"WebSite","@id":"https:\/\/www.barcelonaobertura.com\/es\/#website","url":"https:\/\/www.barcelonaobertura.com\/es\/","name":"Barcelona Obertura","description":"Come for the music, Stay for the rest","potentialAction":[{"@type":"SearchAction","target":{"@type":"EntryPoint","urlTemplate":"https:\/\/www.barcelonaobertura.com\/es\/?s={search_term_string}"},"query-input":{"@type":"PropertyValueSpecification","valueRequired":true,"valueName":"search_term_string"}}],"inLanguage":"es"},{"@type":"Person","@id":"https:\/\/www.barcelonaobertura.com\/es\/#\/schema\/person\/6b92b716fe89e38a3312a330fe5abcd7","name":"obertura","image":{"@type":"ImageObject","inLanguage":"es","@id":"https:\/\/secure.gravatar.com\/avatar\/cdb98f8ee6dd3af94e558c4f3dc8624465efd9e7d9ab68698f339da9b6a62176?s=96&d=mm&r=g","url":"https:\/\/secure.gravatar.com\/avatar\/cdb98f8ee6dd3af94e558c4f3dc8624465efd9e7d9ab68698f339da9b6a62176?s=96&d=mm&r=g","contentUrl":"https:\/\/secure.gravatar.com\/avatar\/cdb98f8ee6dd3af94e558c4f3dc8624465efd9e7d9ab68698f339da9b6a62176?s=96&d=mm&r=g","caption":"obertura"},"sameAs":["http:\/\/barcelonaobertura.lamagnetica.net"],"url":"https:\/\/www.barcelonaobertura.com\/es\/author\/obertura\/"}]}},"_links":{"self":[{"href":"https:\/\/www.barcelonaobertura.com\/es\/wp-json\/wp\/v2\/posts\/7150","targetHints":{"allow":["GET"]}}],"collection":[{"href":"https:\/\/www.barcelonaobertura.com\/es\/wp-json\/wp\/v2\/posts"}],"about":[{"href":"https:\/\/www.barcelonaobertura.com\/es\/wp-json\/wp\/v2\/types\/post"}],"author":[{"embeddable":true,"href":"https:\/\/www.barcelonaobertura.com\/es\/wp-json\/wp\/v2\/users\/1"}],"replies":[{"embeddable":true,"href":"https:\/\/www.barcelonaobertura.com\/es\/wp-json\/wp\/v2\/comments?post=7150"}],"version-history":[{"count":0,"href":"https:\/\/www.barcelonaobertura.com\/es\/wp-json\/wp\/v2\/posts\/7150\/revisions"}],"wp:featuredmedia":[{"embeddable":true,"href":"https:\/\/www.barcelonaobertura.com\/es\/wp-json\/wp\/v2\/media\/7176"}],"wp:attachment":[{"href":"https:\/\/www.barcelonaobertura.com\/es\/wp-json\/wp\/v2\/media?parent=7150"}],"wp:term":[{"taxonomy":"category","embeddable":true,"href":"https:\/\/www.barcelonaobertura.com\/es\/wp-json\/wp\/v2\/categories?post=7150"},{"taxonomy":"post_tag","embeddable":true,"href":"https:\/\/www.barcelonaobertura.com\/es\/wp-json\/wp\/v2\/tags?post=7150"}],"curies":[{"name":"wp","href":"https:\/\/api.w.org\/{rel}","templated":true}]}}